{"id":37185,"date":"2015-02-24T10:51:28","date_gmt":"2015-02-24T13:51:28","guid":{"rendered":"http:\/\/www.blogdothame.blog.br\/v1\/?p=37185"},"modified":"2015-02-24T14:07:05","modified_gmt":"2015-02-24T17:07:05","slug":"37185","status":"publish","type":"post","link":"https:\/\/www.blogdothame.blog.br\/v1\/2015\/02\/24\/37185\/","title":{"rendered":"Governador destaca import\u00e2ncia da Caixa Econ\u00f4mica para a Bahia"},"content":{"rendered":"<p><img loading=\"lazy\" class=\"aligncenter  wp-image-37186\" src=\"http:\/\/www.blogdothame.blog.br\/v1\/wp-content\/uploads\/2015\/02\/rui-cef-2-300x225.jpg\" alt=\"rui cef 2\" width=\"333\" height=\"250\" srcset=\"https:\/\/www.blogdothame.blog.br\/v1\/wp-content\/uploads\/2015\/02\/rui-cef-2-300x225.jpg 300w, https:\/\/www.blogdothame.blog.br\/v1\/wp-content\/uploads\/2015\/02\/rui-cef-2.jpg 697w\" sizes=\"(max-width: 333px) 100vw, 333px\" \/><\/p>\n<p>A import\u00e2ncia da Caixa Econ\u00f4mica para a celeridade de projetos federais executados no estado da Bahia foi destacada pelo governador Rui Costa ao participar da posse da nova presidente do banco, Miriam Belchior, nesta segunda-feira (23), em Bras\u00edlia.<\/p>\n<p><img loading=\"lazy\" class=\"alignright size-medium wp-image-37187\" src=\"http:\/\/www.blogdothame.blog.br\/v1\/wp-content\/uploads\/2015\/02\/rui-cef-1-300x225.jpg\" alt=\"rui cef 1\" width=\"300\" height=\"225\" srcset=\"https:\/\/www.blogdothame.blog.br\/v1\/wp-content\/uploads\/2015\/02\/rui-cef-1-300x225.jpg 300w, https:\/\/www.blogdothame.blog.br\/v1\/wp-content\/uploads\/2015\/02\/rui-cef-1.jpg 697w\" sizes=\"(max-width: 300px) 100vw, 300px\" \/>Rui disse que os projetos que est\u00e3o mudando a vida dos baianos passam essencialmente pelo banco, a exemplo do metr\u00f4 de Salvador, de barragens no semi\u00e1rido e das vias transversais constru\u00eddas na capital baiana. &#8220;A Caixa \u00e9 a grande gestora dos contratos de repasses do governo federal. Estaremos sempre em di\u00e1logo para que os projetos tenham celeridade&#8221;, afirmou.<\/p>\n<p>Outro destaque dado pelo governador foi a gest\u00e3o dos programas sociais. &#8220;Um projeto extremamente importante, social e habitacional, \u00e9 o Minha Casa, Minha Vida. E a Bahia \u00e9 um dos estados recordistas no programa. Queremos seguir com essa lideran\u00e7a&#8221;. O governador desejou que Miriam seja feliz no comando da Caixa e agradeceu o baiano Jorge Hereda, ex-presidente, pela parceria com a Bahia durante os quatro anos de gest\u00e3o.<\/p>\n","protected":false},"excerpt":{"rendered":"<p>A import\u00e2ncia da Caixa Econ\u00f4mica para a celeridade de projetos federais executados no estado da Bahia foi destacada pelo governador Rui Costa ao participar da posse da nova presidente do banco, Miriam Belchior, nesta segunda-feira (23), em Bras\u00edlia. Rui disse que os projetos que est\u00e3o mudando a vida dos baianos passam essencialmente pelo banco, a [&hellip;]<\/p>\n","protected":false},"author":2,"featured_media":0,"comment_status":"open","ping_status":"open","sticky":false,"template":"","format":"standard","meta":{"_links_to":"","_links_to_target":""},"categories":[1],"tags":[51,3549,3067,615],"_links":{"self":[{"href":"https:\/\/www.blogdothame.blog.br\/v1\/wp-json\/wp\/v2\/posts\/37185"}],"collection":[{"href":"https:\/\/www.blogdothame.blog.br\/v1\/wp-json\/wp\/v2\/posts"}],"about":[{"href":"https:\/\/www.blogdothame.blog.br\/v1\/wp-json\/wp\/v2\/types\/post"}],"author":[{"embeddable":true,"href":"https:\/\/www.blogdothame.blog.br\/v1\/wp-json\/wp\/v2\/users\/2"}],"replies":[{"embeddable":true,"href":"https:\/\/www.blogdothame.blog.br\/v1\/wp-json\/wp\/v2\/comments?post=37185"}],"version-history":[{"count":2,"href":"https:\/\/www.blogdothame.blog.br\/v1\/wp-json\/wp\/v2\/posts\/37185\/revisions"}],"predecessor-version":[{"id":37189,"href":"https:\/\/www.blogdothame.blog.br\/v1\/wp-json\/wp\/v2\/posts\/37185\/revisions\/37189"}],"wp:attachment":[{"href":"https:\/\/www.blogdothame.blog.br\/v1\/wp-json\/wp\/v2\/media?parent=37185"}],"wp:term":[{"taxonomy":"category","embeddable":true,"href":"https:\/\/www.blogdothame.blog.br\/v1\/wp-json\/wp\/v2\/categories?post=37185"},{"taxonomy":"post_tag","embeddable":true,"href":"https:\/\/www.blogdothame.blog.br\/v1\/wp-json\/wp\/v2\/tags?post=37185"}],"curies":[{"name":"wp","href":"https:\/\/api.w.org\/{rel}","templated":true}]}}