{"id":37077,"date":"2015-02-18T14:41:33","date_gmt":"2015-02-18T17:41:33","guid":{"rendered":"http:\/\/www.blogdothame.blog.br\/v1\/?p=37077"},"modified":"2015-02-18T09:46:53","modified_gmt":"2015-02-18T12:46:53","slug":"37077","status":"publish","type":"post","link":"https:\/\/www.blogdothame.blog.br\/v1\/2015\/02\/18\/37077\/","title":{"rendered":"Popula\u00e7\u00e3o de Porto Seguro \u00e9 beneficiada com novas a\u00e7\u00f5es do Governo"},"content":{"rendered":"<p>&nbsp;<\/p>\n<p>O governador Rui Costa visita nesta quinta-feira (19) a cidade de Porto Seguro, no sul da Bahia. \u00c0s 16h, ele entrega \u00e0 popula\u00e7\u00e3o de Vera Cruz, as melhorias do Sistema de Abastecimento de \u00c1gua (SAA) da localidade, que vai beneficiar cerca de cinco mil habitantes.<\/p>\n<p>Para amplia\u00e7\u00e3o do sistema foram constru\u00eddos decantadores, filtros, reservat\u00f3rio de reaproveitamento de \u00e1gua e casa de qu\u00edmica. A obra recebeu investimentos de R$ 748 mil, pr\u00f3prios da Embasa, \u00f3rg\u00e3o vinculado \u00e0 Secretaria de Infraestrutura H\u00eddrica e Saneamento do Estado.<\/p>\n<p>&nbsp;<\/p>\n<p><strong>Sa\u00fade &#8211;\u00a0<\/strong>Ainda na localidade de Vera Cruz, \u00e0s 17h, Rui Costa inaugura mais uma unidade do Programa Academia da Sa\u00fade. Realizado em parceira entre o Governo do Estado e Minist\u00e9rio da Sa\u00fade, a unidade recebeu investimento de R$ 252 mil e vai beneficiar a popula\u00e7\u00e3o com atividades f\u00edsicas e lazer.<\/p>\n<p><strong>\u00a0<\/strong><\/p>\n<p><strong>Visita escolar &#8211;\u00a0<\/strong>\u00c0s 18h, o governador visita o Col\u00e9gio Estadual Eraldo Tinoco, tamb\u00e9m do distrito de Vera Cruz,\u00a0em Porto Seguro. O\u00a0encontro faz parte da s\u00e9rie de visitas que o governador realiza em unidades da rede estadual para manter uma aproxima\u00e7\u00e3o com gestores, professores, estudantes e pais de alunos.<\/p>\n<p>&nbsp;<\/p>\n<p><strong>Carnaval &#8211;\u00a0<\/strong>Em seguida, \u00e0s 19h, Rui Costa participa do Carnaporto 2015, que est\u00e1 completando 18 anos. A festa que conta com efetivo policial e que integra a Opera\u00e7\u00e3o de Seguran\u00e7a do Governo no Carnaval, ser\u00e1 comandada por Bell Marques, Claudia Leite e Banda Eva.<\/p>\n","protected":false},"excerpt":{"rendered":"<p>&nbsp; O governador Rui Costa visita nesta quinta-feira (19) a cidade de Porto Seguro, no sul da Bahia. \u00c0s 16h, ele entrega \u00e0 popula\u00e7\u00e3o de Vera Cruz, as melhorias do Sistema de Abastecimento de \u00c1gua (SAA) da localidade, que vai beneficiar cerca de cinco mil habitantes. Para amplia\u00e7\u00e3o do sistema foram constru\u00eddos decantadores, filtros, reservat\u00f3rio [&hellip;]<\/p>\n","protected":false},"author":2,"featured_media":0,"comment_status":"open","ping_status":"open","sticky":false,"template":"","format":"standard","meta":{"_links_to":"","_links_to_target":""},"categories":[1],"tags":[1701,199,312,615],"_links":{"self":[{"href":"https:\/\/www.blogdothame.blog.br\/v1\/wp-json\/wp\/v2\/posts\/37077"}],"collection":[{"href":"https:\/\/www.blogdothame.blog.br\/v1\/wp-json\/wp\/v2\/posts"}],"about":[{"href":"https:\/\/www.blogdothame.blog.br\/v1\/wp-json\/wp\/v2\/types\/post"}],"author":[{"embeddable":true,"href":"https:\/\/www.blogdothame.blog.br\/v1\/wp-json\/wp\/v2\/users\/2"}],"replies":[{"embeddable":true,"href":"https:\/\/www.blogdothame.blog.br\/v1\/wp-json\/wp\/v2\/comments?post=37077"}],"version-history":[{"count":3,"href":"https:\/\/www.blogdothame.blog.br\/v1\/wp-json\/wp\/v2\/posts\/37077\/revisions"}],"predecessor-version":[{"id":37080,"href":"https:\/\/www.blogdothame.blog.br\/v1\/wp-json\/wp\/v2\/posts\/37077\/revisions\/37080"}],"wp:attachment":[{"href":"https:\/\/www.blogdothame.blog.br\/v1\/wp-json\/wp\/v2\/media?parent=37077"}],"wp:term":[{"taxonomy":"category","embeddable":true,"href":"https:\/\/www.blogdothame.blog.br\/v1\/wp-json\/wp\/v2\/categories?post=37077"},{"taxonomy":"post_tag","embeddable":true,"href":"https:\/\/www.blogdothame.blog.br\/v1\/wp-json\/wp\/v2\/tags?post=37077"}],"curies":[{"name":"wp","href":"https:\/\/api.w.org\/{rel}","templated":true}]}}