{"id":37061,"date":"2015-02-17T11:17:07","date_gmt":"2015-02-17T14:17:07","guid":{"rendered":"http:\/\/www.blogdothame.blog.br\/v1\/?p=37061"},"modified":"2015-02-17T11:17:07","modified_gmt":"2015-02-17T14:17:07","slug":"apos-participar-do-carnaval-de-barreiras-rui-costa-visita-fabrica-de-avioes","status":"publish","type":"post","link":"https:\/\/www.blogdothame.blog.br\/v1\/2015\/02\/17\/apos-participar-do-carnaval-de-barreiras-rui-costa-visita-fabrica-de-avioes\/","title":{"rendered":"Ap\u00f3s participar do Carnaval de Barreiras, Rui Costa visita f\u00e1brica de avi\u00f5es"},"content":{"rendered":"<p><img loading=\"lazy\" class=\"aligncenter  wp-image-37062\" src=\"http:\/\/www.blogdothame.blog.br\/v1\/wp-content\/uploads\/2015\/02\/avi\u00f5es-300x199.jpg\" alt=\"avi\u00f5es\" width=\"413\" height=\"274\" srcset=\"https:\/\/www.blogdothame.blog.br\/v1\/wp-content\/uploads\/2015\/02\/avi\u00f5es-300x199.jpg 300w, https:\/\/www.blogdothame.blog.br\/v1\/wp-content\/uploads\/2015\/02\/avi\u00f5es-1024x681.jpg 1024w, https:\/\/www.blogdothame.blog.br\/v1\/wp-content\/uploads\/2015\/02\/avi\u00f5es.jpg 1125w\" sizes=\"(max-width: 413px) 100vw, 413px\" \/><\/p>\n<p>O governador Rui Costa, ap\u00f3s participar do Carnaval de Barreiras na noite desta segunda-feira (16), visitou uma f\u00e1brica de avi\u00f5es na cidade do oeste baiano no in\u00edcio da manh\u00e3 desta ter\u00e7a-feira (17). Acompanhado do secret\u00e1rio do Turismo, Nelson Pelegrino, ele destacou a atua\u00e7\u00e3o da Aerocentro, empresa especializada em aeronaves leves esportivas, executivas e militares. &#8220;Fiquei impressionado. Conversarei com o ministro Jaques Wagner, da Defesa, para que possamos apoiar esta grande iniciativa&#8221;, disse na manh\u00e3 de hoje.<\/p>\n<p>&nbsp;<\/p>\n<p>Empregando 40 pessoas, a ind\u00fastria, que funciona na regi\u00e3o h\u00e1 cinco anos, se prepara para fazer decolar o Kronos 315. Constru\u00edda em fibra de carbono, a m\u00e1quina tem um grande horizonte pela frente. &#8220;Ser\u00e1 a aeronave mais r\u00e1pida do mundo na categoria e genuinamente brasileira&#8221;, celebra Kleber Ranger, fundador da Aerocentro.<\/p>\n<p>&nbsp;<\/p>\n<p>Ainda nesta ter\u00e7a-feira, j\u00e1 em Salvador, ele participa do desfile dos Filhos de Ghandy, a partir das 15h, no circuito Osmar (Campo Grande).<\/p>\n","protected":false},"excerpt":{"rendered":"<p>O governador Rui Costa, ap\u00f3s participar do Carnaval de Barreiras na noite desta segunda-feira (16), visitou uma f\u00e1brica de avi\u00f5es na cidade do oeste baiano no in\u00edcio da manh\u00e3 desta ter\u00e7a-feira (17). Acompanhado do secret\u00e1rio do Turismo, Nelson Pelegrino, ele destacou a atua\u00e7\u00e3o da Aerocentro, empresa especializada em aeronaves leves esportivas, executivas e militares. &#8220;Fiquei [&hellip;]<\/p>\n","protected":false},"author":2,"featured_media":0,"comment_status":"open","ping_status":"open","sticky":false,"template":"","format":"standard","meta":{"_links_to":"","_links_to_target":""},"categories":[1],"tags":[654,2040,11272,615],"_links":{"self":[{"href":"https:\/\/www.blogdothame.blog.br\/v1\/wp-json\/wp\/v2\/posts\/37061"}],"collection":[{"href":"https:\/\/www.blogdothame.blog.br\/v1\/wp-json\/wp\/v2\/posts"}],"about":[{"href":"https:\/\/www.blogdothame.blog.br\/v1\/wp-json\/wp\/v2\/types\/post"}],"author":[{"embeddable":true,"href":"https:\/\/www.blogdothame.blog.br\/v1\/wp-json\/wp\/v2\/users\/2"}],"replies":[{"embeddable":true,"href":"https:\/\/www.blogdothame.blog.br\/v1\/wp-json\/wp\/v2\/comments?post=37061"}],"version-history":[{"count":1,"href":"https:\/\/www.blogdothame.blog.br\/v1\/wp-json\/wp\/v2\/posts\/37061\/revisions"}],"predecessor-version":[{"id":37063,"href":"https:\/\/www.blogdothame.blog.br\/v1\/wp-json\/wp\/v2\/posts\/37061\/revisions\/37063"}],"wp:attachment":[{"href":"https:\/\/www.blogdothame.blog.br\/v1\/wp-json\/wp\/v2\/media?parent=37061"}],"wp:term":[{"taxonomy":"category","embeddable":true,"href":"https:\/\/www.blogdothame.blog.br\/v1\/wp-json\/wp\/v2\/categories?post=37061"},{"taxonomy":"post_tag","embeddable":true,"href":"https:\/\/www.blogdothame.blog.br\/v1\/wp-json\/wp\/v2\/tags?post=37061"}],"curies":[{"name":"wp","href":"https:\/\/api.w.org\/{rel}","templated":true}]}}