{"id":36998,"date":"2015-02-13T09:10:28","date_gmt":"2015-02-13T12:10:28","guid":{"rendered":"http:\/\/www.blogdothame.blog.br\/v1\/?p=36998"},"modified":"2015-02-13T09:01:26","modified_gmt":"2015-02-13T12:01:26","slug":"governador-participa-da-abertura-oficial-do-carnaval-em-salvador","status":"publish","type":"post","link":"https:\/\/www.blogdothame.blog.br\/v1\/2015\/02\/13\/governador-participa-da-abertura-oficial-do-carnaval-em-salvador\/","title":{"rendered":"Governador participa da abertura oficial do Carnaval em Salvador"},"content":{"rendered":"<p><img loading=\"lazy\" class=\"aligncenter  wp-image-36999\" src=\"http:\/\/www.blogdothame.blog.br\/v1\/wp-content\/uploads\/2015\/02\/rui-momo-300x200.jpg\" alt=\"rui momo\" width=\"453\" height=\"302\" srcset=\"https:\/\/www.blogdothame.blog.br\/v1\/wp-content\/uploads\/2015\/02\/rui-momo-300x200.jpg 300w, https:\/\/www.blogdothame.blog.br\/v1\/wp-content\/uploads\/2015\/02\/rui-momo-1024x682.jpg 1024w, https:\/\/www.blogdothame.blog.br\/v1\/wp-content\/uploads\/2015\/02\/rui-momo.jpg 1188w\" sizes=\"(max-width: 453px) 100vw, 453px\" \/><\/p>\n<p>A folia j\u00e1 est\u00e1 tomando conta de Salvador. \u00a0O governador Rui Costa e o prefeito de Salvador, Antonio Carlos Magalh\u00e3es Neto, entregaram a chave da cidade ao Rei Momo, Alan Nery, de Lauro de Freitas, no camarote da prefeitura, \u00a0consolidando a abertura oficial da festa. O m\u00fasico Luiz Caldas foi a primeira atra\u00e7\u00e3o, celebrando os 30 anos da Ax\u00e9 Music, tema do Carnaval deste ano.<\/p>\n<p>&nbsp;<\/p>\n<p>Rui disse que o Carnaval \u00e9 a maior festa popular da Bahia. \u201c\u00c9 um momento important\u00edssimo para a economia baiana e para a alegria do povo. Esta festa vai at\u00e9 [a] semana que vem, esperamos que em paz, com muita tranquilidade, e que possamos brincar, sorrir e dan\u00e7ar bastante, para que o povo possa trazer sua fam\u00edlia\u201d.<\/p>\n<p>Segundo o secret\u00e1rio do Turismo, Nelson Pelegrino, \u201co Carnaval 2015 d\u00e1 continuidade a uma tend\u00eancia que o Governo do Estado vem construindo, de refor\u00e7ar o Carnaval Pipoca, que \u00e9 muito mais democr\u00e1tico\u201d. Pelegrino informou que o Governo do Estado investiu R$ 70 milh\u00f5es na festa, patrocinando a festa em Salvador, Porto Seguro, Ilh\u00e9us, Barreiras, Rio de Contas, Maragogipe e outras cidades no interior do estado.<\/p>\n<p><strong>\u00a0<\/strong><\/p>\n<p><strong>Trinta anos de Ax\u00e9 Music<\/strong><\/p>\n<p><img loading=\"lazy\" class=\"alignleft size-medium wp-image-37000\" src=\"http:\/\/www.blogdothame.blog.br\/v1\/wp-content\/uploads\/2015\/02\/rui-momo-2-300x199.jpg\" alt=\"rui momo 2\" width=\"300\" height=\"199\" srcset=\"https:\/\/www.blogdothame.blog.br\/v1\/wp-content\/uploads\/2015\/02\/rui-momo-2-300x199.jpg 300w, https:\/\/www.blogdothame.blog.br\/v1\/wp-content\/uploads\/2015\/02\/rui-momo-2-1024x682.jpg 1024w, https:\/\/www.blogdothame.blog.br\/v1\/wp-content\/uploads\/2015\/02\/rui-momo-2.jpg 1124w\" sizes=\"(max-width: 300px) 100vw, 300px\" \/>Luiz Caldas, criador da Ax\u00e9 Music, disse que \u00e9 uma honra ser a primeira atra\u00e7\u00e3o no circuito do Campo Grande. \u201cEnche meu cora\u00e7\u00e3o de alegria, porque a gente conseguiu criar um g\u00eanero musical que \u00e9 baiano. Quando eu subia no trio, a gente utilizava o ritmo pernambucano, que \u00e9 o frevo, o ritmo paraibano, que \u00e9 o galope. Eu sentia a necessidade n\u00e3o s\u00f3 de pular, mas de dan\u00e7ar tamb\u00e9m, [por isso] eu trouxe essa m\u00fasica\u201d.<\/p>\n<p><strong>\u00a0<\/strong><\/p>\n","protected":false},"excerpt":{"rendered":"<p>A folia j\u00e1 est\u00e1 tomando conta de Salvador. \u00a0O governador Rui Costa e o prefeito de Salvador, Antonio Carlos Magalh\u00e3es Neto, entregaram a chave da cidade ao Rei Momo, Alan Nery, de Lauro de Freitas, no camarote da prefeitura, \u00a0consolidando a abertura oficial da festa. O m\u00fasico Luiz Caldas foi a primeira atra\u00e7\u00e3o, celebrando os [&hellip;]<\/p>\n","protected":false},"author":2,"featured_media":0,"comment_status":"open","ping_status":"open","sticky":false,"template":"","format":"standard","meta":{"_links_to":"","_links_to_target":""},"categories":[1],"tags":[51,8969,615],"_links":{"self":[{"href":"https:\/\/www.blogdothame.blog.br\/v1\/wp-json\/wp\/v2\/posts\/36998"}],"collection":[{"href":"https:\/\/www.blogdothame.blog.br\/v1\/wp-json\/wp\/v2\/posts"}],"about":[{"href":"https:\/\/www.blogdothame.blog.br\/v1\/wp-json\/wp\/v2\/types\/post"}],"author":[{"embeddable":true,"href":"https:\/\/www.blogdothame.blog.br\/v1\/wp-json\/wp\/v2\/users\/2"}],"replies":[{"embeddable":true,"href":"https:\/\/www.blogdothame.blog.br\/v1\/wp-json\/wp\/v2\/comments?post=36998"}],"version-history":[{"count":1,"href":"https:\/\/www.blogdothame.blog.br\/v1\/wp-json\/wp\/v2\/posts\/36998\/revisions"}],"predecessor-version":[{"id":37001,"href":"https:\/\/www.blogdothame.blog.br\/v1\/wp-json\/wp\/v2\/posts\/36998\/revisions\/37001"}],"wp:attachment":[{"href":"https:\/\/www.blogdothame.blog.br\/v1\/wp-json\/wp\/v2\/media?parent=36998"}],"wp:term":[{"taxonomy":"category","embeddable":true,"href":"https:\/\/www.blogdothame.blog.br\/v1\/wp-json\/wp\/v2\/categories?post=36998"},{"taxonomy":"post_tag","embeddable":true,"href":"https:\/\/www.blogdothame.blog.br\/v1\/wp-json\/wp\/v2\/tags?post=36998"}],"curies":[{"name":"wp","href":"https:\/\/api.w.org\/{rel}","templated":true}]}}