{"id":36994,"date":"2015-02-13T09:00:41","date_gmt":"2015-02-13T12:00:41","guid":{"rendered":"http:\/\/www.blogdothame.blog.br\/v1\/?p=36994"},"modified":"2015-02-13T08:36:09","modified_gmt":"2015-02-13T11:36:09","slug":"36994","status":"publish","type":"post","link":"https:\/\/www.blogdothame.blog.br\/v1\/2015\/02\/13\/36994\/","title":{"rendered":"Wagner: \u201cajuste fiscal \u00e9 como pit stop de F\u00f3rmula 1\u201d"},"content":{"rendered":"<p style=\"text-align: right;\">por\u00a0<a href=\"http:\/\/terezacruvinel.com\/2015\/02\/12\/404\/\">Tereza Cruvinel<\/a><\/p>\n<p>&nbsp;<\/p>\n<p><img loading=\"lazy\" class=\"alignright size-medium wp-image-36995\" src=\"http:\/\/www.blogdothame.blog.br\/v1\/wp-content\/uploads\/2015\/02\/jaques-wagner-blog-2-300x199.jpg\" alt=\"jaques wagner blog 2\" width=\"300\" height=\"199\" srcset=\"https:\/\/www.blogdothame.blog.br\/v1\/wp-content\/uploads\/2015\/02\/jaques-wagner-blog-2-300x199.jpg 300w, https:\/\/www.blogdothame.blog.br\/v1\/wp-content\/uploads\/2015\/02\/jaques-wagner-blog-2.jpg 500w\" sizes=\"(max-width: 300px) 100vw, 300px\" \/>Ministro da Defesa e um dos seis integrantes do chamado \u201cn\u00facleo duro palaciano\u201d do governo Dilma, Jacques Wagner vem fazendo uma defesa enf\u00e1tica do ajuste fiscal, tal como tem pedido a presidente a todos os auxiliares. Em entrevistas, conversas com jornalistas e encontros com parlamentares, Wagner tece varia\u00e7\u00f5es sobre a mesma met\u00e1fora tentando demonstrar que o ajuste \u00e9 parte da estrat\u00e9gia de sustentar e aprofundar o projeto petista de uma pa\u00eds mais desenvolvido e mais inclusivo e justo. Em conversa com esta colunista, nesta sexta-feira, mais de uma vez ele se valeu da met\u00e1fora da corrida de F\u00f3rmula Um.<\/p>\n<p>\u2013 Numa corrida de muitas voltas, n\u00e3o basta o piloto ser bom. Ele precisa ter uma estrat\u00e9gia de desempenho para vencer. Precisa calcular o momento de parar para abastecer, o tipo ideal de pneu para cada fase da corrida e at\u00e9 mesmo o eventual momento de desacelerar para poupar o motor. Houve uma crise mundial e foi feita aqui uma pol\u00edtica anti-c\u00edclica que teve custos. Para manter o alto n\u00edvel de emprego, o cr\u00e9dito, os investimentos p\u00fablicos em curso e a economia fora da UTI, o governo queimou energias. Agora precisa fazer um pit stop e acertar a m\u00e1quina para arrancar de novo. Isso \u00e9 o ajuste fiscal e assim precisa ser compreendido por todo mundo.<\/p>\n<p>Ele reconhece as dificuldades pol\u00edticas do momento mas diz acreditar que o governo pode super\u00e1-las, recompor sua base de apoio no Congresso, atravessar a fase de ajuste e voltar a produzir resultados positivos para o pa\u00eds. N\u00e3o acredita que a oposi\u00e7\u00e3o esteja mesmo apostando no impeachment da presidente por inexistirem, a seu ver, condi\u00e7\u00f5es jur\u00eddicas e pol\u00edticas.<\/p>\n<p>&nbsp;<\/p>\n","protected":false},"excerpt":{"rendered":"<p>por\u00a0Tereza Cruvinel &nbsp; Ministro da Defesa e um dos seis integrantes do chamado \u201cn\u00facleo duro palaciano\u201d do governo Dilma, Jacques Wagner vem fazendo uma defesa enf\u00e1tica do ajuste fiscal, tal como tem pedido a presidente a todos os auxiliares. Em entrevistas, conversas com jornalistas e encontros com parlamentares, Wagner tece varia\u00e7\u00f5es sobre a mesma met\u00e1fora [&hellip;]<\/p>\n","protected":false},"author":2,"featured_media":0,"comment_status":"open","ping_status":"open","sticky":false,"template":"","format":"standard","meta":{"_links_to":"","_links_to_target":""},"categories":[1],"tags":[11265,59],"_links":{"self":[{"href":"https:\/\/www.blogdothame.blog.br\/v1\/wp-json\/wp\/v2\/posts\/36994"}],"collection":[{"href":"https:\/\/www.blogdothame.blog.br\/v1\/wp-json\/wp\/v2\/posts"}],"about":[{"href":"https:\/\/www.blogdothame.blog.br\/v1\/wp-json\/wp\/v2\/types\/post"}],"author":[{"embeddable":true,"href":"https:\/\/www.blogdothame.blog.br\/v1\/wp-json\/wp\/v2\/users\/2"}],"replies":[{"embeddable":true,"href":"https:\/\/www.blogdothame.blog.br\/v1\/wp-json\/wp\/v2\/comments?post=36994"}],"version-history":[{"count":2,"href":"https:\/\/www.blogdothame.blog.br\/v1\/wp-json\/wp\/v2\/posts\/36994\/revisions"}],"predecessor-version":[{"id":36997,"href":"https:\/\/www.blogdothame.blog.br\/v1\/wp-json\/wp\/v2\/posts\/36994\/revisions\/36997"}],"wp:attachment":[{"href":"https:\/\/www.blogdothame.blog.br\/v1\/wp-json\/wp\/v2\/media?parent=36994"}],"wp:term":[{"taxonomy":"category","embeddable":true,"href":"https:\/\/www.blogdothame.blog.br\/v1\/wp-json\/wp\/v2\/categories?post=36994"},{"taxonomy":"post_tag","embeddable":true,"href":"https:\/\/www.blogdothame.blog.br\/v1\/wp-json\/wp\/v2\/tags?post=36994"}],"curies":[{"name":"wp","href":"https:\/\/api.w.org\/{rel}","templated":true}]}}