{"id":36159,"date":"2015-01-10T17:19:09","date_gmt":"2015-01-10T20:19:09","guid":{"rendered":"http:\/\/www.blogdothame.blog.br\/v1\/?p=36159"},"modified":"2015-01-10T11:22:01","modified_gmt":"2015-01-10T14:22:01","slug":"36159","status":"publish","type":"post","link":"https:\/\/www.blogdothame.blog.br\/v1\/2015\/01\/10\/36159\/","title":{"rendered":"Rui Costa e o Pacto pela Educa\u00e7\u00e3o"},"content":{"rendered":"<p><img loading=\"lazy\" class=\"aligncenter  wp-image-36160\" src=\"http:\/\/www.blogdothame.blog.br\/v1\/wp-content\/uploads\/2015\/01\/rui-crian\u00e7as-288x300.jpg\" alt=\"rui crian\u00e7as\" width=\"392\" height=\"408\" srcset=\"https:\/\/www.blogdothame.blog.br\/v1\/wp-content\/uploads\/2015\/01\/rui-crian\u00e7as-288x300.jpg 288w, https:\/\/www.blogdothame.blog.br\/v1\/wp-content\/uploads\/2015\/01\/rui-crian\u00e7as.jpg 478w\" sizes=\"(max-width: 392px) 100vw, 392px\" \/><\/p>\n<p>&nbsp;<\/p>\n<p>O governador Rui Costa elegeu a educa\u00e7\u00e3o como uma das prioridades de sua gest\u00e3o.<\/p>\n<p>&nbsp;<\/p>\n<p>Ele colocou como meta que em cada cidade que visitar anunciando ou entregando obras, incluir a visita a uma escola, a exemplo do que fez em\u00a0 Nova Reden\u00e7\u00e3o, Itapetinga e Muritiba.<\/p>\n<p>&nbsp;<\/p>\n<p>Rui Costa foca principalmente no ensino fundamental, que \u00e9 a base de uma boa forma\u00e7\u00e3o escolar. Cuidar as crian\u00e7as \u00e9 cuidar do futuro.<\/p>\n","protected":false},"excerpt":{"rendered":"<p>&nbsp; O governador Rui Costa elegeu a educa\u00e7\u00e3o como uma das prioridades de sua gest\u00e3o. &nbsp; Ele colocou como meta que em cada cidade que visitar anunciando ou entregando obras, incluir a visita a uma escola, a exemplo do que fez em\u00a0 Nova Reden\u00e7\u00e3o, Itapetinga e Muritiba. &nbsp; Rui Costa foca principalmente no ensino fundamental, [&hellip;]<\/p>\n","protected":false},"author":2,"featured_media":0,"comment_status":"open","ping_status":"open","sticky":false,"template":"","format":"standard","meta":{"_links_to":"","_links_to_target":""},"categories":[1],"tags":[51,60,615],"_links":{"self":[{"href":"https:\/\/www.blogdothame.blog.br\/v1\/wp-json\/wp\/v2\/posts\/36159"}],"collection":[{"href":"https:\/\/www.blogdothame.blog.br\/v1\/wp-json\/wp\/v2\/posts"}],"about":[{"href":"https:\/\/www.blogdothame.blog.br\/v1\/wp-json\/wp\/v2\/types\/post"}],"author":[{"embeddable":true,"href":"https:\/\/www.blogdothame.blog.br\/v1\/wp-json\/wp\/v2\/users\/2"}],"replies":[{"embeddable":true,"href":"https:\/\/www.blogdothame.blog.br\/v1\/wp-json\/wp\/v2\/comments?post=36159"}],"version-history":[{"count":3,"href":"https:\/\/www.blogdothame.blog.br\/v1\/wp-json\/wp\/v2\/posts\/36159\/revisions"}],"predecessor-version":[{"id":36163,"href":"https:\/\/www.blogdothame.blog.br\/v1\/wp-json\/wp\/v2\/posts\/36159\/revisions\/36163"}],"wp:attachment":[{"href":"https:\/\/www.blogdothame.blog.br\/v1\/wp-json\/wp\/v2\/media?parent=36159"}],"wp:term":[{"taxonomy":"category","embeddable":true,"href":"https:\/\/www.blogdothame.blog.br\/v1\/wp-json\/wp\/v2\/categories?post=36159"},{"taxonomy":"post_tag","embeddable":true,"href":"https:\/\/www.blogdothame.blog.br\/v1\/wp-json\/wp\/v2\/tags?post=36159"}],"curies":[{"name":"wp","href":"https:\/\/api.w.org\/{rel}","templated":true}]}}