{"id":36152,"date":"2015-01-10T10:25:51","date_gmt":"2015-01-10T13:25:51","guid":{"rendered":"http:\/\/www.blogdothame.blog.br\/v1\/?p=36152"},"modified":"2015-01-10T10:26:13","modified_gmt":"2015-01-10T13:26:13","slug":"dupla-e-presa-com-21-quilos-de-maconha","status":"publish","type":"post","link":"https:\/\/www.blogdothame.blog.br\/v1\/2015\/01\/10\/dupla-e-presa-com-21-quilos-de-maconha\/","title":{"rendered":"Dupla \u00e9 presa com 21 quilos de maconha"},"content":{"rendered":"<p><img loading=\"lazy\" class=\"alignright size-medium wp-image-36153\" src=\"http:\/\/www.blogdothame.blog.br\/v1\/wp-content\/uploads\/2015\/01\/pamonha-300x251.jpg\" alt=\"pamonha\" width=\"300\" height=\"251\" srcset=\"https:\/\/www.blogdothame.blog.br\/v1\/wp-content\/uploads\/2015\/01\/pamonha-300x251.jpg 300w, https:\/\/www.blogdothame.blog.br\/v1\/wp-content\/uploads\/2015\/01\/pamonha.jpg 893w\" sizes=\"(max-width: 300px) 100vw, 300px\" \/>O mototaxista Jean Wagnei Vieira de Sousa, de 43 anos, e o pernambucano Ant\u00f4nio Gon\u00e7alves, 41, foram presos por investigadores da Delegacia de Repress\u00e3o a Furtos e Roubos (DRFR) com mais de 21 quilos de maconha em uma loja de instala\u00e7\u00e3o de som, no viaduto do Porto Seco Piraj\u00e1, BR-324. Os policiais chegaram at\u00e9 eles enquanto investigavam a explos\u00e3o do caixa-eletr\u00f4nico de um supermercado, no Largo do Tamarineiro.<\/p>\n<p>Jean, que j\u00e1 tem passagem por tr\u00e1fico de drogas e foi preso em Feira de Santana, em 2006, disse ter comprado a droga em Jacobina pela quantia de R$ 4 mil, a qual seria revendida na loja em que foram flagrados. Ant\u00f4nio negou envolvimento, mas foi identificado por testemunhas que viram a dupla conversando com o dono do estabelecimento, identificado como Edmar Vaz dos Santos.<\/p>\n<p>Jean e Ant\u00f4nio foram autuados em flagrante por tr\u00e1fico de drogas, pela delegada Francineide Moura, titular da DRFR, e encaminhados ao N\u00facleo de Pris\u00e3o em Flagrante (NPF), no Complexo Penitenci\u00e1rio da Mata Escura. O advogado de Edmar disse \u00e0 delegada que seu cliente se apresentar\u00e1 naquela unidade policial nos pr\u00f3ximos dias.<\/p>\n<p>&nbsp;<\/p>\n<p><strong>\u00a0<\/strong><\/p>\n<p><strong>\u00a0<\/strong><\/p>\n<p><strong>\u00a0<\/strong><\/p>\n","protected":false},"excerpt":{"rendered":"<p>O mototaxista Jean Wagnei Vieira de Sousa, de 43 anos, e o pernambucano Ant\u00f4nio Gon\u00e7alves, 41, foram presos por investigadores da Delegacia de Repress\u00e3o a Furtos e Roubos (DRFR) com mais de 21 quilos de maconha em uma loja de instala\u00e7\u00e3o de som, no viaduto do Porto Seco Piraj\u00e1, BR-324. Os policiais chegaram at\u00e9 eles [&hellip;]<\/p>\n","protected":false},"author":2,"featured_media":0,"comment_status":"open","ping_status":"open","sticky":false,"template":"","format":"standard","meta":{"_links_to":"","_links_to_target":""},"categories":[1],"tags":[51,979,55,1400],"_links":{"self":[{"href":"https:\/\/www.blogdothame.blog.br\/v1\/wp-json\/wp\/v2\/posts\/36152"}],"collection":[{"href":"https:\/\/www.blogdothame.blog.br\/v1\/wp-json\/wp\/v2\/posts"}],"about":[{"href":"https:\/\/www.blogdothame.blog.br\/v1\/wp-json\/wp\/v2\/types\/post"}],"author":[{"embeddable":true,"href":"https:\/\/www.blogdothame.blog.br\/v1\/wp-json\/wp\/v2\/users\/2"}],"replies":[{"embeddable":true,"href":"https:\/\/www.blogdothame.blog.br\/v1\/wp-json\/wp\/v2\/comments?post=36152"}],"version-history":[{"count":1,"href":"https:\/\/www.blogdothame.blog.br\/v1\/wp-json\/wp\/v2\/posts\/36152\/revisions"}],"predecessor-version":[{"id":36154,"href":"https:\/\/www.blogdothame.blog.br\/v1\/wp-json\/wp\/v2\/posts\/36152\/revisions\/36154"}],"wp:attachment":[{"href":"https:\/\/www.blogdothame.blog.br\/v1\/wp-json\/wp\/v2\/media?parent=36152"}],"wp:term":[{"taxonomy":"category","embeddable":true,"href":"https:\/\/www.blogdothame.blog.br\/v1\/wp-json\/wp\/v2\/categories?post=36152"},{"taxonomy":"post_tag","embeddable":true,"href":"https:\/\/www.blogdothame.blog.br\/v1\/wp-json\/wp\/v2\/tags?post=36152"}],"curies":[{"name":"wp","href":"https:\/\/api.w.org\/{rel}","templated":true}]}}