{"id":35961,"date":"2015-01-02T16:18:40","date_gmt":"2015-01-02T19:18:40","guid":{"rendered":"http:\/\/www.blogdothame.blog.br\/v1\/?p=35961"},"modified":"2015-01-02T17:44:16","modified_gmt":"2015-01-02T20:44:16","slug":"rui-costa-recepciona-dilma-em-salvador","status":"publish","type":"post","link":"https:\/\/www.blogdothame.blog.br\/v1\/2015\/01\/02\/rui-costa-recepciona-dilma-em-salvador\/","title":{"rendered":"Rui Costa recepciona Dilma em Salvador"},"content":{"rendered":"<div id=\"attachment_35962\" style=\"width: 351px\" class=\"wp-caption aligncenter\"><img aria-describedby=\"caption-attachment-35962\" loading=\"lazy\" class=\" wp-image-35962\" src=\"http:\/\/www.blogdothame.blog.br\/v1\/wp-content\/uploads\/2015\/01\/rui-e-barbosa-300x199.jpg\" alt=\"Rui Costa com Mauricio Barbosa\" width=\"341\" height=\"226\" srcset=\"https:\/\/www.blogdothame.blog.br\/v1\/wp-content\/uploads\/2015\/01\/rui-e-barbosa-300x199.jpg 300w, https:\/\/www.blogdothame.blog.br\/v1\/wp-content\/uploads\/2015\/01\/rui-e-barbosa-1024x682.jpg 1024w, https:\/\/www.blogdothame.blog.br\/v1\/wp-content\/uploads\/2015\/01\/rui-e-barbosa.jpg 1124w\" sizes=\"(max-width: 341px) 100vw, 341px\" \/><p id=\"caption-attachment-35962\" class=\"wp-caption-text\">Rui Costa com Mauricio Barbosa<\/p><\/div>\n<p>O governador Rui Costa recepciona hoje (2) a presidente Dilma Rousseff, que desembarca na Base A\u00e9rea de Salvador \u00e0s 17h. Dilma segue para a praia de Inema, onde passar\u00e1 alguns dias. Na manh\u00e3 do seu primeiro dia de trabalho, Rui se reuniu com o secret\u00e1rio de Seguran\u00e7a P\u00fablica, Maur\u00edcio Barbosa. \u00c0 tarde, ele conversou com alguns profissionais de imprensa.<\/p>\n<p>&nbsp;<\/p>\n<p>Na pr\u00f3xima ter\u00e7a-feira (6), Rui inaugura, em Salvador, a al\u00e7a de liga\u00e7\u00e3o entre a BR-324 e a Avenida Lu\u00eds Eduardo Magalh\u00e3es. Ainda na pr\u00f3xima semana, entre outros compromissos, o governador entrega obras de abastecimento de \u00e1gua nos munic\u00edpios de Nova Reden\u00e7\u00e3o e Muritiba, bem como participa da inaugura\u00e7\u00e3o da f\u00e1brica da Torres E\u00f3licas do Nordeste, em Jacobina.<\/p>\n<p>&nbsp;<\/p>\n<p>&nbsp;<\/p>\n","protected":false},"excerpt":{"rendered":"<p>O governador Rui Costa recepciona hoje (2) a presidente Dilma Rousseff, que desembarca na Base A\u00e9rea de Salvador \u00e0s 17h. Dilma segue para a praia de Inema, onde passar\u00e1 alguns dias. Na manh\u00e3 do seu primeiro dia de trabalho, Rui se reuniu com o secret\u00e1rio de Seguran\u00e7a P\u00fablica, Maur\u00edcio Barbosa. \u00c0 tarde, ele conversou com [&hellip;]<\/p>\n","protected":false},"author":2,"featured_media":0,"comment_status":"open","ping_status":"open","sticky":false,"template":"","format":"standard","meta":{"_links_to":"","_links_to_target":""},"categories":[1],"tags":[115,615,433,777],"_links":{"self":[{"href":"https:\/\/www.blogdothame.blog.br\/v1\/wp-json\/wp\/v2\/posts\/35961"}],"collection":[{"href":"https:\/\/www.blogdothame.blog.br\/v1\/wp-json\/wp\/v2\/posts"}],"about":[{"href":"https:\/\/www.blogdothame.blog.br\/v1\/wp-json\/wp\/v2\/types\/post"}],"author":[{"embeddable":true,"href":"https:\/\/www.blogdothame.blog.br\/v1\/wp-json\/wp\/v2\/users\/2"}],"replies":[{"embeddable":true,"href":"https:\/\/www.blogdothame.blog.br\/v1\/wp-json\/wp\/v2\/comments?post=35961"}],"version-history":[{"count":1,"href":"https:\/\/www.blogdothame.blog.br\/v1\/wp-json\/wp\/v2\/posts\/35961\/revisions"}],"predecessor-version":[{"id":35963,"href":"https:\/\/www.blogdothame.blog.br\/v1\/wp-json\/wp\/v2\/posts\/35961\/revisions\/35963"}],"wp:attachment":[{"href":"https:\/\/www.blogdothame.blog.br\/v1\/wp-json\/wp\/v2\/media?parent=35961"}],"wp:term":[{"taxonomy":"category","embeddable":true,"href":"https:\/\/www.blogdothame.blog.br\/v1\/wp-json\/wp\/v2\/categories?post=35961"},{"taxonomy":"post_tag","embeddable":true,"href":"https:\/\/www.blogdothame.blog.br\/v1\/wp-json\/wp\/v2\/tags?post=35961"}],"curies":[{"name":"wp","href":"https:\/\/api.w.org\/{rel}","templated":true}]}}