{"id":35859,"date":"2014-12-29T16:08:58","date_gmt":"2014-12-29T19:08:58","guid":{"rendered":"http:\/\/www.blogdothame.blog.br\/v1\/?p=35859"},"modified":"2014-12-29T16:08:58","modified_gmt":"2014-12-29T19:08:58","slug":"wagner-recebe-da-comissao-da-verdade-relatorio-sobre-a-ditadura-militar-na-bahia","status":"publish","type":"post","link":"https:\/\/www.blogdothame.blog.br\/v1\/2014\/12\/29\/wagner-recebe-da-comissao-da-verdade-relatorio-sobre-a-ditadura-militar-na-bahia\/","title":{"rendered":"Wagner recebe da Comiss\u00e3o da Verdade relat\u00f3rio sobre a Ditadura Militar na Bahia"},"content":{"rendered":"<div style=\"color: #222222;\"><img loading=\"lazy\" class=\"aligncenter  wp-image-35860\" src=\"http:\/\/www.blogdothame.blog.br\/v1\/wp-content\/uploads\/2014\/12\/verdade-1-300x199.jpg\" alt=\"verdade 1\" width=\"406\" height=\"269\" srcset=\"https:\/\/www.blogdothame.blog.br\/v1\/wp-content\/uploads\/2014\/12\/verdade-1-300x199.jpg 300w, https:\/\/www.blogdothame.blog.br\/v1\/wp-content\/uploads\/2014\/12\/verdade-1-1024x682.jpg 1024w\" sizes=\"(max-width: 406px) 100vw, 406px\" \/><\/div>\n<div style=\"color: #222222;\">Com cerca de 300 p\u00e1ginas, o relat\u00f3rio parcial sobre a Ditadura Militar na Bahia foi entregue na manh\u00e3 desta segunda-feira (29) pelos membros da Comiss\u00e3o Estadual da Verdade ao governador Jaques Wagner, no Centro Administrativo da Bahia (CAB). O documento \u00e9 parcial e, al\u00e9m de reunir o que foi apurado sobre as viola\u00e7\u00f5es de direitos entre os anos de 1964 e 1985 na Bahia, recomenda \u201ca reinterpreta\u00e7\u00e3o ou mudan\u00e7a da Lei de Anistia\u201d, com o objetivo de responsabilizar os agentes p\u00fablicos que foram autores de torturas e oculta\u00e7\u00e3o de cad\u00e1veres.<\/div>\n<div style=\"color: #222222;\">\n<div align=\"justify\">\n<img loading=\"lazy\" class=\"alignright size-medium wp-image-35861\" src=\"http:\/\/www.blogdothame.blog.br\/v1\/wp-content\/uploads\/2014\/12\/verdade-2-300x208.jpg\" alt=\"verdade 2\" width=\"300\" height=\"208\" srcset=\"https:\/\/www.blogdothame.blog.br\/v1\/wp-content\/uploads\/2014\/12\/verdade-2-300x208.jpg 300w, https:\/\/www.blogdothame.blog.br\/v1\/wp-content\/uploads\/2014\/12\/verdade-2-1024x711.jpg 1024w, https:\/\/www.blogdothame.blog.br\/v1\/wp-content\/uploads\/2014\/12\/verdade-2.jpg 1078w\" sizes=\"(max-width: 300px) 100vw, 300px\" \/>O coordenador da comiss\u00e3o explicou que o grupo intensificou os trabalhos para que a apura\u00e7\u00e3o pudesse ser entregue em m\u00e3os ao governador ainda durante sua gest\u00e3o. Faltando tr\u00eas dias para entregar o mandato de chefe do Poder Executivo Estadual, o governador disse se sentir orgulhoso em receber o relat\u00f3rio preliminar. \u201cA busca da verdade hist\u00f3rica, sem rancor, \u00e9 fundamental para a gente saber de onde a gente veio e para aonde a gente vai\u201d.<\/p>\n<p>Wagner, que foi confirmado pela presidente Dilma Rousseff para assumir o Minist\u00e9rio da Defesa, tamb\u00e9m disse que o tema j\u00e1 est\u00e1 sendo tratado na pasta e que as consequ\u00eancias do relat\u00f3rio da Comiss\u00e3o Nacional da Verdade ir\u00e3o continuar. \u201cAqui [na Bahia], com certeza, o governador eleito [Rui Costa] que toma posse no dia primeiro, dar\u00e1 total apoio, total infraestrutura para que a Comiss\u00e3o da Verdade baiana possa concluir seu relat\u00f3rio e inclu\u00ed-lo no relat\u00f3rio final da Comiss\u00e3o Nacional\u201d.<\/p>\n<p>Vinculada ao gabinete do governador, a Comiss\u00e3o Estadual da Verdade \u2013 Bahia, foi criada por meio do decreto n\u00ba 14.227, de 10\/12\/2012. Conforme o coordenador Carlos Navarro Filho, o relat\u00f3rio parcial ser\u00e1 encaminhado ainda nesta segunda-feira \u00e0 Comiss\u00e3o Nacional da Verdade. (f<i>otos: Manu Dias\/GOVBA)<\/i><\/div>\n<\/div>\n","protected":false},"excerpt":{"rendered":"<p>Com cerca de 300 p\u00e1ginas, o relat\u00f3rio parcial sobre a Ditadura Militar na Bahia foi entregue na manh\u00e3 desta segunda-feira (29) pelos membros da Comiss\u00e3o Estadual da Verdade ao governador Jaques Wagner, no Centro Administrativo da Bahia (CAB). O documento \u00e9 parcial e, al\u00e9m de reunir o que foi apurado sobre as viola\u00e7\u00f5es de direitos [&hellip;]<\/p>\n","protected":false},"author":2,"featured_media":0,"comment_status":"open","ping_status":"open","sticky":false,"template":"","format":"standard","meta":{"_links_to":"","_links_to_target":""},"categories":[1],"tags":[5415,51,665,59],"_links":{"self":[{"href":"https:\/\/www.blogdothame.blog.br\/v1\/wp-json\/wp\/v2\/posts\/35859"}],"collection":[{"href":"https:\/\/www.blogdothame.blog.br\/v1\/wp-json\/wp\/v2\/posts"}],"about":[{"href":"https:\/\/www.blogdothame.blog.br\/v1\/wp-json\/wp\/v2\/types\/post"}],"author":[{"embeddable":true,"href":"https:\/\/www.blogdothame.blog.br\/v1\/wp-json\/wp\/v2\/users\/2"}],"replies":[{"embeddable":true,"href":"https:\/\/www.blogdothame.blog.br\/v1\/wp-json\/wp\/v2\/comments?post=35859"}],"version-history":[{"count":1,"href":"https:\/\/www.blogdothame.blog.br\/v1\/wp-json\/wp\/v2\/posts\/35859\/revisions"}],"predecessor-version":[{"id":35862,"href":"https:\/\/www.blogdothame.blog.br\/v1\/wp-json\/wp\/v2\/posts\/35859\/revisions\/35862"}],"wp:attachment":[{"href":"https:\/\/www.blogdothame.blog.br\/v1\/wp-json\/wp\/v2\/media?parent=35859"}],"wp:term":[{"taxonomy":"category","embeddable":true,"href":"https:\/\/www.blogdothame.blog.br\/v1\/wp-json\/wp\/v2\/categories?post=35859"},{"taxonomy":"post_tag","embeddable":true,"href":"https:\/\/www.blogdothame.blog.br\/v1\/wp-json\/wp\/v2\/tags?post=35859"}],"curies":[{"name":"wp","href":"https:\/\/api.w.org\/{rel}","templated":true}]}}