{"id":35856,"date":"2014-12-29T16:04:18","date_gmt":"2014-12-29T19:04:18","guid":{"rendered":"http:\/\/www.blogdothame.blog.br\/v1\/?p=35856"},"modified":"2014-12-29T18:08:06","modified_gmt":"2014-12-29T21:08:06","slug":"secti-cerimonia-de-transmissao-de-cargo-acontece-nesta-sexta-feira","status":"publish","type":"post","link":"https:\/\/www.blogdothame.blog.br\/v1\/2014\/12\/29\/secti-cerimonia-de-transmissao-de-cargo-acontece-nesta-sexta-feira\/","title":{"rendered":"SECTI: cerim\u00f4nia de transmiss\u00e3o de cargo acontece nesta sexta-feira"},"content":{"rendered":"<div style=\"color: #222222;\"><img loading=\"lazy\" class=\"alignright size-medium wp-image-35857\" src=\"http:\/\/www.blogdothame.blog.br\/v1\/wp-content\/uploads\/2014\/12\/secti-300x200.jpg\" alt=\"secti\" width=\"300\" height=\"200\" srcset=\"https:\/\/www.blogdothame.blog.br\/v1\/wp-content\/uploads\/2014\/12\/secti-300x200.jpg 300w, https:\/\/www.blogdothame.blog.br\/v1\/wp-content\/uploads\/2014\/12\/secti-1024x682.jpg 1024w, https:\/\/www.blogdothame.blog.br\/v1\/wp-content\/uploads\/2014\/12\/secti.jpg 1188w\" sizes=\"(max-width: 300px) 100vw, 300px\" \/><br \/>\nO novo secret\u00e1rio de Ci\u00eancia, Tecnologia e Inova\u00e7\u00e3o da Bahia, Manoel Gomes, j\u00e1 despacha do Gabinete, nesta sexta-feira (2), primeiro dia \u00fatil do ano. Na oportunidade, a ex-secret\u00e1ria da pasta, Andrea Mendon\u00e7a,vai transmitir o cargo, em solenidade para convidados, a partir das 10h, na sede da secretaria, que fica no Centro Administrativo da Bahia (CAB).&nbsp;<\/p>\n<p>O secret\u00e1rio destacou a import\u00e2ncia de come\u00e7ar o ano com todo vigor em prol da ci\u00eancia e tecnologia. \u201cCome\u00e7o o trabalho com a pol\u00edtica de continuidade, al\u00e9m de iniciar as atividades com todo esfor\u00e7o, sempre com o objetivo de trazer a ci\u00eancia e a tecnologia como protagonistas dentro do desenvolvimento da Bahia\u201d, ponderou.<\/p>\n<p>&nbsp;<\/p>\n<p>A ex-secret\u00e1ria falou sobre sua gest\u00e3o e desejou sorte a Manoel Gome. \u201cDestaco todo esfor\u00e7o da nossa gest\u00e3o, as constantes idas a Bras\u00edlia, nos Minist\u00e9rios das Comunica\u00e7\u00f5es, da Ci\u00eancia, Tecnologia e Inova\u00e7\u00e3o e BID (Banco Interamericano de Desenvolvimento), para buscar apoio e construir o projeto Banda Larga para Todos&#8221;, disse.\u00a0&#8220;Tenho certeza que Manoel Gomes vai consolidar esta a\u00e7\u00e3o. Desejo toda sorte neste novo desafio\u201d, concluiu.<\/p>\n<\/div>\n","protected":false},"excerpt":{"rendered":"<p>O novo secret\u00e1rio de Ci\u00eancia, Tecnologia e Inova\u00e7\u00e3o da Bahia, Manoel Gomes, j\u00e1 despacha do Gabinete, nesta sexta-feira (2), primeiro dia \u00fatil do ano. Na oportunidade, a ex-secret\u00e1ria da pasta, Andrea Mendon\u00e7a,vai transmitir o cargo, em solenidade para convidados, a partir das 10h, na sede da secretaria, que fica no Centro Administrativo da Bahia (CAB).&nbsp; [&hellip;]<\/p>\n","protected":false},"author":2,"featured_media":0,"comment_status":"open","ping_status":"open","sticky":false,"template":"","format":"standard","meta":{"_links_to":"","_links_to_target":""},"categories":[1],"tags":[8863,51,10991,10989,10990],"_links":{"self":[{"href":"https:\/\/www.blogdothame.blog.br\/v1\/wp-json\/wp\/v2\/posts\/35856"}],"collection":[{"href":"https:\/\/www.blogdothame.blog.br\/v1\/wp-json\/wp\/v2\/posts"}],"about":[{"href":"https:\/\/www.blogdothame.blog.br\/v1\/wp-json\/wp\/v2\/types\/post"}],"author":[{"embeddable":true,"href":"https:\/\/www.blogdothame.blog.br\/v1\/wp-json\/wp\/v2\/users\/2"}],"replies":[{"embeddable":true,"href":"https:\/\/www.blogdothame.blog.br\/v1\/wp-json\/wp\/v2\/comments?post=35856"}],"version-history":[{"count":6,"href":"https:\/\/www.blogdothame.blog.br\/v1\/wp-json\/wp\/v2\/posts\/35856\/revisions"}],"predecessor-version":[{"id":35893,"href":"https:\/\/www.blogdothame.blog.br\/v1\/wp-json\/wp\/v2\/posts\/35856\/revisions\/35893"}],"wp:attachment":[{"href":"https:\/\/www.blogdothame.blog.br\/v1\/wp-json\/wp\/v2\/media?parent=35856"}],"wp:term":[{"taxonomy":"category","embeddable":true,"href":"https:\/\/www.blogdothame.blog.br\/v1\/wp-json\/wp\/v2\/categories?post=35856"},{"taxonomy":"post_tag","embeddable":true,"href":"https:\/\/www.blogdothame.blog.br\/v1\/wp-json\/wp\/v2\/tags?post=35856"}],"curies":[{"name":"wp","href":"https:\/\/api.w.org\/{rel}","templated":true}]}}