{"id":35785,"date":"2014-12-24T07:56:16","date_gmt":"2014-12-24T10:56:16","guid":{"rendered":"http:\/\/www.blogdothame.blog.br\/v1\/?p=35785"},"modified":"2014-12-24T08:01:25","modified_gmt":"2014-12-24T11:01:25","slug":"dilma-define-ministerios-wagner-na-defesa","status":"publish","type":"post","link":"https:\/\/www.blogdothame.blog.br\/v1\/2014\/12\/24\/dilma-define-ministerios-wagner-na-defesa\/","title":{"rendered":"Dilma define minist\u00e9rios. Wagner na Defesa"},"content":{"rendered":"<div class=\"glb-feed-post-author-meta\">\u00a0<img loading=\"lazy\" class=\"aligncenter  wp-image-35788\" src=\"http:\/\/www.blogdothame.blog.br\/v1\/wp-content\/uploads\/2014\/12\/dilma-300x106.jpg\" alt=\"dilma\" width=\"461\" height=\"163\" srcset=\"https:\/\/www.blogdothame.blog.br\/v1\/wp-content\/uploads\/2014\/12\/dilma-300x106.jpg 300w, https:\/\/www.blogdothame.blog.br\/v1\/wp-content\/uploads\/2014\/12\/dilma.jpg 1001w\" sizes=\"(max-width: 461px) 100vw, 461px\" \/><\/div>\n<div class=\"glb-feed-post-author-meta\">A presidente Dilma Rousseff deu impulso ao seu novo governo, com o an\u00fancio de 13 novos nomes do primeiro escal\u00e3o que tomar\u00e1 posse em 1\u00ba de janeiro. Eis a lista que foi divulgada pelo Pal\u00e1cio do Planalto:<\/div>\n<div class=\"glb-feed-post-author-meta\"><\/div>\n<div class=\"glb-feed-post-author-meta\"><\/div>\n<div class=\"glb-feed-post-author-meta\"><\/div>\n<div class=\"glb-feed-post-author-meta\"><\/div>\n<div class=\"glb-feed-post-author-meta\">1 &#8211; Jacques Wagner (Defesa)<\/div>\n<div class=\"glb-feed-post-author-meta\">2 &#8211;\u00a0Gilberto Kassab (Cidades)<\/div>\n<div class=\"glb-feed-post-author-meta\">3 &#8211; Nilma Lino Gomes (Secretaria de Pol\u00edticas de Promo\u00e7\u00e3o da Igualdade Racial)<\/div>\n<div class=\"glb-feed-post-author-meta\">4 &#8211; Valdir Sim\u00e3o (Controladoria Geral da Uni\u00e3o)<\/div>\n<div class=\"glb-feed-post-author-meta\">5 &#8211; Vinicius Lajes (Turismo)<\/div>\n<div class=\"glb-feed-post-author-meta\">6 &#8211; Aldo Rebelo (Ci\u00eancia Tecnologia e Inova\u00e7\u00e3o)<\/div>\n<div class=\"glb-feed-post-author-meta\">7 &#8211; Cid Gomes (Educa\u00e7\u00e3o)<\/div>\n<div class=\"glb-feed-post-author-meta\">8 &#8211; Edinho Ara\u00fajo (Secretaria de Portos)<\/div>\n<div class=\"glb-feed-post-author-meta\">9 &#8211; Eduardo Braga (Minas e Energia)<\/div>\n<div class=\"glb-feed-post-author-meta\">10 &#8211; Eliseu Padilha (Secretaria de Avia\u00e7\u00e3o Civil)<\/div>\n<div class=\"glb-feed-post-author-meta\">11 &#8211; George Hilton (Esporte)<\/div>\n<div class=\"glb-feed-post-author-meta\">12 &#8211;\u00a0K\u00e1tia Abreu (Minist\u00e9rio da Agricultura, Pecu\u00e1ria e Abastecimento)<\/div>\n<div class=\"glb-feed-post-author-meta\">13 &#8211; Helder Barbalho (Secretaria de Aquicultura e Pesca)<\/div>\n","protected":false},"excerpt":{"rendered":"<p>\u00a0 A presidente Dilma Rousseff deu impulso ao seu novo governo, com o an\u00fancio de 13 novos nomes do primeiro escal\u00e3o que tomar\u00e1 posse em 1\u00ba de janeiro. Eis a lista que foi divulgada pelo Pal\u00e1cio do Planalto: 1 &#8211; Jacques Wagner (Defesa) 2 &#8211;\u00a0Gilberto Kassab (Cidades) 3 &#8211; Nilma Lino Gomes (Secretaria de Pol\u00edticas [&hellip;]<\/p>\n","protected":false},"author":2,"featured_media":0,"comment_status":"open","ping_status":"open","sticky":false,"template":"","format":"standard","meta":{"_links_to":"","_links_to_target":""},"categories":[1],"tags":[115,10975,64],"_links":{"self":[{"href":"https:\/\/www.blogdothame.blog.br\/v1\/wp-json\/wp\/v2\/posts\/35785"}],"collection":[{"href":"https:\/\/www.blogdothame.blog.br\/v1\/wp-json\/wp\/v2\/posts"}],"about":[{"href":"https:\/\/www.blogdothame.blog.br\/v1\/wp-json\/wp\/v2\/types\/post"}],"author":[{"embeddable":true,"href":"https:\/\/www.blogdothame.blog.br\/v1\/wp-json\/wp\/v2\/users\/2"}],"replies":[{"embeddable":true,"href":"https:\/\/www.blogdothame.blog.br\/v1\/wp-json\/wp\/v2\/comments?post=35785"}],"version-history":[{"count":3,"href":"https:\/\/www.blogdothame.blog.br\/v1\/wp-json\/wp\/v2\/posts\/35785\/revisions"}],"predecessor-version":[{"id":35789,"href":"https:\/\/www.blogdothame.blog.br\/v1\/wp-json\/wp\/v2\/posts\/35785\/revisions\/35789"}],"wp:attachment":[{"href":"https:\/\/www.blogdothame.blog.br\/v1\/wp-json\/wp\/v2\/media?parent=35785"}],"wp:term":[{"taxonomy":"category","embeddable":true,"href":"https:\/\/www.blogdothame.blog.br\/v1\/wp-json\/wp\/v2\/categories?post=35785"},{"taxonomy":"post_tag","embeddable":true,"href":"https:\/\/www.blogdothame.blog.br\/v1\/wp-json\/wp\/v2\/tags?post=35785"}],"curies":[{"name":"wp","href":"https:\/\/api.w.org\/{rel}","templated":true}]}}