{"id":35678,"date":"2014-12-19T11:24:55","date_gmt":"2014-12-19T14:24:55","guid":{"rendered":"http:\/\/www.blogdothame.blog.br\/v1\/?p=35678"},"modified":"2014-12-19T15:06:52","modified_gmt":"2014-12-19T18:06:52","slug":"rui-costa-anuncia-lista-completa-de-novos-secretarios","status":"publish","type":"post","link":"https:\/\/www.blogdothame.blog.br\/v1\/2014\/12\/19\/rui-costa-anuncia-lista-completa-de-novos-secretarios\/","title":{"rendered":"Rui Costa anuncia lista completa de novos secret\u00e1rios"},"content":{"rendered":"<p><img loading=\"lazy\" class=\"aligncenter  wp-image-35683\" src=\"http:\/\/www.blogdothame.blog.br\/v1\/wp-content\/uploads\/2014\/12\/novos-secs-300x200.jpg\" alt=\"novos secs\" width=\"369\" height=\"246\" srcset=\"https:\/\/www.blogdothame.blog.br\/v1\/wp-content\/uploads\/2014\/12\/novos-secs-300x200.jpg 300w, https:\/\/www.blogdothame.blog.br\/v1\/wp-content\/uploads\/2014\/12\/novos-secs.jpg 831w\" sizes=\"(max-width: 369px) 100vw, 369px\" \/><\/p>\n<p>&nbsp;<\/p>\n<p style=\"color: #222222;\">O governador eleito da Bahia, Rui Costa, anunciou na manh\u00e3 desta sexta-feira (19), os 11 nomes que faltavam na composi\u00e7\u00e3o de seu secretariado. \u00a0Na lista, tr\u00eas mulheres e tr\u00eas negros, que v\u00e3o comandar pastas como a Cultura, dirigida por Jorge Portugal, o Desenvolvimento Urbano, por Carlos Martins e a de Pol\u00edticas para as mulheres, com Ol\u00edvia Santana.<\/p>\n<p style=\"color: #222222;\">Rui tamb\u00e9m anunciou secret\u00e1rios das pastas da Casa Civil, Bruno Dauster; Ci\u00eancia e Tecnologia, Manoel Mendon\u00e7a; Desenvolvimento Econ\u00f4mico, James Correia; Administra\u00e7\u00e3o, Edelvino G\u00f3es; Agricultura, Fernanda Mendon\u00e7a; Desenvolvimento Rural, Jer\u00f4nimo Rodrigues e Turismo, Nelson Pelegrino. Al\u00e9m de manter alguns secret\u00e1rios que j\u00e1 estavam no governo Wagner, o novo governador escolheu nomes de t\u00e9cnicos e especialistas ligados \u00e0s \u00e1reas em que v\u00e3o atuar.<\/p>\n<p style=\"color: #222222;\">\u201cBuscamos compor com quadros t\u00e9cnicos e pessoas capacitadas. Temos mulheres, afrodescendentes e um time completo que vai atuar em equipe, com uni\u00e3o para garantir a vit\u00f3ria do povo da Bahia\u201d, disse o novo governador.<\/p>\n<p style=\"color: #222222;\">Em rela\u00e7\u00e3o aos nomes do segundo escal\u00e3o, Rui afirmou que eles ser\u00e3o divulgados um a um, na medida em que forem escolhidos. Alguns podem ficar para janeiro, depois que os secret\u00e1rios assumirem as pastas.<\/p>\n<p style=\"color: #222222;\">Na pr\u00f3xima semana, ser\u00e1 realizada a primeira reuni\u00e3o com todo o secretariado. A ideia \u00e9 iniciar o planejamento da gest\u00e3o e tra\u00e7ar as primeiras a\u00e7\u00f5es de governo. \u201cPosso antecipar que j\u00e1 defini um encontro com professores, pais e alunos do col\u00e9gio Lu\u00eds Tarqu\u00ednio, para avaliar o funcionamento daquela escola. Uma vez por m\u00eas quero ir a uma unidade escolar para fazer a mesma coisa e trazer os pais para mais perto da educa\u00e7\u00e3o dos filhos\u201d.<\/p>\n<div class=\"a6S\" dir=\"ltr\"><\/div>\n<p style=\"color: #222222;\">Rui tamb\u00e9m antecipou que vai construir um novo centro de conven\u00e7\u00f5es, j\u00e1 que o atual necessita de reformas e n\u00e3o atende mais as demandas de eventos do estado. \u201cO nosso Centro de Conven\u00e7\u00f5es j\u00e1 deu o que tinha que dar. Aquele projeto, de uma estrutura de ferro muito pr\u00f3xima ao mar, fica impratic\u00e1vel, voc\u00ea da manuten\u00e7\u00e3o e em tr\u00eas meses est\u00e1 tudo ruim de novo\u201d, explicou.<\/p>\n<p style=\"color: #222222;\">Segundo Rui, existem dois novos locais em an\u00e1lise e quando o projeto estiver consolidado, ser\u00e1 anunciado. A inten\u00e7\u00e3o \u00e9 usar o antigo centro como uma \u00e1rea de permuta ou contrapartida, num projeto de Parceria P\u00fablico Privada, cujo vencedor da licita\u00e7\u00e3o receba a \u00e1rea como pagamento pela constru\u00e7\u00e3o do novo. \u201cAcredito que quem comprar vai colocar o pr\u00e9dio abaixo e fazer um empreendimento imobili\u00e1rio em contrapartida teremos um novo Centro de Conven\u00e7\u00f5es moderno e confort\u00e1vel\u201d.<\/p>\n<p>&nbsp;<\/p>\n<p>Confira a lista completa do secretariado de Rui Costa (PT):<\/p>\n<p>\u2013 Secretaria de Turismo \u2013 Nelson Pelegrino<br \/>\n\u2013 Secretaria de Pol\u00edticas para Mulheres \u2013 Ol\u00edvia Santana<br \/>\n&#8211; Secretaria da Cultura \u2013 Jorge Portugal<br \/>\n&#8211; Secretaria do Desenvolvimento Rural \u2013 Jer\u00f4nimo Rodrigues<br \/>\n&#8211; Secretaria de Promo\u00e7\u00e3o da Igualdade Racial \u2013 Vera L\u00facia<br \/>\n&#8211; Secretaria de Desenvolvimento Urbano \u2013 Carlos Martins<br \/>\n&#8211; Casa Civil \u2013 Bruno Dauster<br \/>\n&#8211; Bahiatursa \u2013 Diogo Medrado<br \/>\n&#8211; Secretaria da Agricultura \u2013 Fernanda Mendon\u00e7a<br \/>\n&#8211; Secretaria de Administra\u00e7\u00e3o \u2013 Edelvino Goes<br \/>\n&#8211; Secretaria de Ci\u00eancia, Tecnologia e Inova\u00e7\u00e3o \u2013 Manoel Gomes de Mendon\u00e7a<br \/>\n&#8211; Secretaria de Ind\u00fastria, Com\u00e9rcio e Minera\u00e7\u00e3o \u2013 James Correia<br \/>\n\u2013 Secretaria de Comunica\u00e7\u00e3o \u2013 Andr\u00e9 Curvello<br \/>\n\u2013 Secretaria da Fazenda \u2013 Manoel Vit\u00f3rio<br \/>\n\u2013 Secretaria da Sa\u00fade \u2013 F\u00e1bio Villas-Boas<br \/>\n\u2013 Secretaria de Seguran\u00e7a P\u00fablica \u2013 Maur\u00edcio Barbosa<br \/>\n\u2013 Secretaria do Trabalho, Emprego Renda e Esporte \u2013 \u00c1lvaro Gomes<br \/>\n\u2013 Procurador Geral do Estado \u2013 Paulo Moreno<br \/>\n\u2013 Secretaria de Infraestrutura \u2013 Marcus Cavalcanti<br \/>\n\u2013 Secretaria do Planejamento \u2013 Jo\u00e3o Le\u00e3o<br \/>\n\u2013 Secretaria de Meio Ambiente \u2013 Eug\u00eanio Spengler<br \/>\n\u2013 Secretaria de Direitos Humanos e Desenvolvimento Social \u2013 Geraldo Reis<br \/>\n\u2013 Secretaria de Infraestrutura H\u00eddrica e Saneamento \u2013 C\u00e1ssio Peixoto<br \/>\n\u2013 Secretaria de Rela\u00e7\u00f5es Institucionais \u2013 Josias Gomes<br \/>\n\u2013 Secretaria da Educa\u00e7\u00e3o \u2013 Osvaldo Barreto<br \/>\n\u2013 Secretaria de Administra\u00e7\u00e3o Penitenci\u00e1ria e Ressocializa\u00e7\u00e3o \u2013 Nestor Duarte<\/p>\n<p><strong>\u00a0<\/strong><\/p>\n","protected":false},"excerpt":{"rendered":"<p>&nbsp; O governador eleito da Bahia, Rui Costa, anunciou na manh\u00e3 desta sexta-feira (19), os 11 nomes que faltavam na composi\u00e7\u00e3o de seu secretariado. \u00a0Na lista, tr\u00eas mulheres e tr\u00eas negros, que v\u00e3o comandar pastas como a Cultura, dirigida por Jorge Portugal, o Desenvolvimento Urbano, por Carlos Martins e a de Pol\u00edticas para as mulheres, [&hellip;]<\/p>\n","protected":false},"author":2,"featured_media":0,"comment_status":"open","ping_status":"open","sticky":false,"template":"","format":"standard","meta":{"_links_to":"","_links_to_target":""},"categories":[1],"tags":[51,10937,615],"_links":{"self":[{"href":"https:\/\/www.blogdothame.blog.br\/v1\/wp-json\/wp\/v2\/posts\/35678"}],"collection":[{"href":"https:\/\/www.blogdothame.blog.br\/v1\/wp-json\/wp\/v2\/posts"}],"about":[{"href":"https:\/\/www.blogdothame.blog.br\/v1\/wp-json\/wp\/v2\/types\/post"}],"author":[{"embeddable":true,"href":"https:\/\/www.blogdothame.blog.br\/v1\/wp-json\/wp\/v2\/users\/2"}],"replies":[{"embeddable":true,"href":"https:\/\/www.blogdothame.blog.br\/v1\/wp-json\/wp\/v2\/comments?post=35678"}],"version-history":[{"count":5,"href":"https:\/\/www.blogdothame.blog.br\/v1\/wp-json\/wp\/v2\/posts\/35678\/revisions"}],"predecessor-version":[{"id":35687,"href":"https:\/\/www.blogdothame.blog.br\/v1\/wp-json\/wp\/v2\/posts\/35678\/revisions\/35687"}],"wp:attachment":[{"href":"https:\/\/www.blogdothame.blog.br\/v1\/wp-json\/wp\/v2\/media?parent=35678"}],"wp:term":[{"taxonomy":"category","embeddable":true,"href":"https:\/\/www.blogdothame.blog.br\/v1\/wp-json\/wp\/v2\/categories?post=35678"},{"taxonomy":"post_tag","embeddable":true,"href":"https:\/\/www.blogdothame.blog.br\/v1\/wp-json\/wp\/v2\/tags?post=35678"}],"curies":[{"name":"wp","href":"https:\/\/api.w.org\/{rel}","templated":true}]}}