{"id":35570,"date":"2014-12-17T18:30:48","date_gmt":"2014-12-17T21:30:48","guid":{"rendered":"http:\/\/www.blogdothame.blog.br\/v1\/?p=35570"},"modified":"2014-12-17T17:57:09","modified_gmt":"2014-12-17T20:57:09","slug":"quadrilha-desarticulada-tem-mais-seis-traficantes-presos-em-cachoeira","status":"publish","type":"post","link":"https:\/\/www.blogdothame.blog.br\/v1\/2014\/12\/17\/quadrilha-desarticulada-tem-mais-seis-traficantes-presos-em-cachoeira\/","title":{"rendered":"Quadrilha desarticulada tem mais seis traficantes presos em Cachoeira"},"content":{"rendered":"<p><img loading=\"lazy\" class=\"alignleft size-medium wp-image-35571\" src=\"http:\/\/www.blogdothame.blog.br\/v1\/wp-content\/uploads\/2014\/12\/trafic-1-300x224.jpg\" alt=\"trafic 1\" width=\"300\" height=\"224\" srcset=\"https:\/\/www.blogdothame.blog.br\/v1\/wp-content\/uploads\/2014\/12\/trafic-1-300x224.jpg 300w, https:\/\/www.blogdothame.blog.br\/v1\/wp-content\/uploads\/2014\/12\/trafic-1.jpg 999w\" sizes=\"(max-width: 300px) 100vw, 300px\" \/>Mais seis integrantes de uma quadrilha de traficantes e homicidas, que atuavam na regi\u00e3o de Cachoeira, foram presos, na ter\u00e7a-feira (16), como desdobramento da Opera\u00e7\u00e3o G\u00e1rgula, do Departamento de Narc\u00f3ticos (Denarc), cujo objetivo \u00e9 combater o tr\u00e1fico naquele munic\u00edpio do Rec\u00f4ncavo. Os policiais apreenderam drogas, espingardas, muni\u00e7\u00f5es e celulares com os criminosos, numa localidade conhecida como Ladeira da Cadeia.<\/p>\n<p>Equipes do Departamento de Pol\u00edcia do Interior (Depin), da 4\u00aa Coordenadoria Regional de Pol\u00edcia do Interior (Coorpin) e da Superintend\u00eancia de Intelig\u00eancia (SI) da Secretaria da Seguran\u00e7a P\u00fablica (SSP) apoiaram a opera\u00e7\u00e3o do Denarc, em Cachoeira, onde tinham sido presos, anteriormente, o l\u00edder da quadrilha, Jorge Cardoso dos Santos, e outros 13 comparsas.<\/p>\n<p><img loading=\"lazy\" class=\"alignright size-medium wp-image-35572\" src=\"http:\/\/www.blogdothame.blog.br\/v1\/wp-content\/uploads\/2014\/12\/trafic-2-300x224.jpg\" alt=\"trafic 2\" width=\"300\" height=\"224\" srcset=\"https:\/\/www.blogdothame.blog.br\/v1\/wp-content\/uploads\/2014\/12\/trafic-2-300x224.jpg 300w, https:\/\/www.blogdothame.blog.br\/v1\/wp-content\/uploads\/2014\/12\/trafic-2.jpg 999w\" sizes=\"(max-width: 300px) 100vw, 300px\" \/>Na a\u00e7\u00e3o desta ter\u00e7a-feira (6), foram presos Marta Menezes Falc\u00e3o, Henrique Falc\u00e3o de Carvalho, Jos\u00e9 Santos Soares Cardoso, o \u201cPio\u201d, Tiago Flor\u00eancio Oliveira, o \u201cGrife\u201d, Egnaldo de Assis Pereira, o \u201cNaldo Motoboy\u201d, e Carlos Alberto Fraga Lobo, o \u201cCacai\u201d. Autuados por tr\u00e1fico e associa\u00e7\u00e3o para o tr\u00e1fico e porte ilegal de arma, eles j\u00e1 seguiram para o sistema prisional. Uma adolescente que estava em companhia do grupo foi apreendida.<\/p>\n<p>Segundo o delegado Andr\u00e9 Viana, diretor do Denarc, as investiga\u00e7\u00f5es sobre a quadrilha de Jorge Cardoso come\u00e7aram em maio deste ano.\u00a0 Desde a deflagra\u00e7\u00e3o da Opera\u00e7\u00e3o G\u00e1rgula j\u00e1 foram apreendidos 53 pedras de crack, 39 papelotes de coca\u00edna e mais uma por\u00e7\u00e3o da mesma droga, 13 \u201ctrouxinhas\u201d de maconha, tr\u00eas rifles calibres 22, 38 e 44, um espingarda de retrocarga e outras duas de calibres 12 e 28, um rev\u00f3lver calibre 38, 106 muni\u00e7\u00f5es de diversos calibres, 13 aparelhos celulares e oito pen drives.<\/p>\n<p>Al\u00e9m dos seis traficantes capturados na ter\u00e7a-feira,\u00a0 e do l\u00edder do bando, j\u00e1 est\u00e3o presos Mailson Soares Brand\u00e3o, Anna B\u00e1rbara de Jesus Alves, Eriziane Chirlene Santos Lira Lima, Emerson dos Santos Lyra, Luiz Alberto de Jesus Lima, Adelson Santos Costa, o \u201cGordo\u201d, Ana Paula Correia da Silva, Rom\u00e1rio de Aguiar S\u00e1 Barreto, o \u201cV\u00f4\u201d, Eduardo da Concei\u00e7\u00e3o Santos, o \u201cEdu\u201d, Genivaldo Silva da Cruz, Genilson Silva da Cruz, Nivan Barbosa dos Santos, Thiago Souza da Silva, Ramon Santos Costa.<\/p>\n","protected":false},"excerpt":{"rendered":"<p>Mais seis integrantes de uma quadrilha de traficantes e homicidas, que atuavam na regi\u00e3o de Cachoeira, foram presos, na ter\u00e7a-feira (16), como desdobramento da Opera\u00e7\u00e3o G\u00e1rgula, do Departamento de Narc\u00f3ticos (Denarc), cujo objetivo \u00e9 combater o tr\u00e1fico naquele munic\u00edpio do Rec\u00f4ncavo. Os policiais apreenderam drogas, espingardas, muni\u00e7\u00f5es e celulares com os criminosos, numa localidade conhecida [&hellip;]<\/p>\n","protected":false},"author":2,"featured_media":0,"comment_status":"open","ping_status":"open","sticky":false,"template":"","format":"standard","meta":{"_links_to":"","_links_to_target":""},"categories":[1],"tags":[51,3582,55,704],"_links":{"self":[{"href":"https:\/\/www.blogdothame.blog.br\/v1\/wp-json\/wp\/v2\/posts\/35570"}],"collection":[{"href":"https:\/\/www.blogdothame.blog.br\/v1\/wp-json\/wp\/v2\/posts"}],"about":[{"href":"https:\/\/www.blogdothame.blog.br\/v1\/wp-json\/wp\/v2\/types\/post"}],"author":[{"embeddable":true,"href":"https:\/\/www.blogdothame.blog.br\/v1\/wp-json\/wp\/v2\/users\/2"}],"replies":[{"embeddable":true,"href":"https:\/\/www.blogdothame.blog.br\/v1\/wp-json\/wp\/v2\/comments?post=35570"}],"version-history":[{"count":1,"href":"https:\/\/www.blogdothame.blog.br\/v1\/wp-json\/wp\/v2\/posts\/35570\/revisions"}],"predecessor-version":[{"id":35573,"href":"https:\/\/www.blogdothame.blog.br\/v1\/wp-json\/wp\/v2\/posts\/35570\/revisions\/35573"}],"wp:attachment":[{"href":"https:\/\/www.blogdothame.blog.br\/v1\/wp-json\/wp\/v2\/media?parent=35570"}],"wp:term":[{"taxonomy":"category","embeddable":true,"href":"https:\/\/www.blogdothame.blog.br\/v1\/wp-json\/wp\/v2\/categories?post=35570"},{"taxonomy":"post_tag","embeddable":true,"href":"https:\/\/www.blogdothame.blog.br\/v1\/wp-json\/wp\/v2\/tags?post=35570"}],"curies":[{"name":"wp","href":"https:\/\/api.w.org\/{rel}","templated":true}]}}