{"id":35497,"date":"2014-12-16T16:25:53","date_gmt":"2014-12-16T19:25:53","guid":{"rendered":"http:\/\/www.blogdothame.blog.br\/v1\/?p=35497"},"modified":"2014-12-16T16:36:17","modified_gmt":"2014-12-16T19:36:17","slug":"rui-costa-anuncia-novos-secretarios","status":"publish","type":"post","link":"https:\/\/www.blogdothame.blog.br\/v1\/2014\/12\/16\/rui-costa-anuncia-novos-secretarios\/","title":{"rendered":"Rui Costa prioriza perfil t\u00e9cnico na escolha de secret\u00e1rios"},"content":{"rendered":"<div style=\"color: #222222;\"><img loading=\"lazy\" class=\"aligncenter  wp-image-35505\" src=\"http:\/\/www.blogdothame.blog.br\/v1\/wp-content\/uploads\/2014\/12\/rui-secs-1-300x200.jpg\" alt=\"rui secs 1\" width=\"428\" height=\"285\" srcset=\"https:\/\/www.blogdothame.blog.br\/v1\/wp-content\/uploads\/2014\/12\/rui-secs-1-300x200.jpg 300w, https:\/\/www.blogdothame.blog.br\/v1\/wp-content\/uploads\/2014\/12\/rui-secs-1-1024x682.jpg 1024w, https:\/\/www.blogdothame.blog.br\/v1\/wp-content\/uploads\/2014\/12\/rui-secs-1.jpg 1188w\" sizes=\"(max-width: 428px) 100vw, 428px\" \/><\/div>\n<div style=\"color: #222222;\">\n<p>&nbsp;<\/p>\n<p>O governador eleito da Bahia, Rui Costa, anunciou na manh\u00e3 desta ter\u00e7a- feira (16) os primeiros nomes do seu secretariado. Aliando experi\u00eancia t\u00e9cnica com capacidade pol\u00edtica, ele escolheu os dirigentes que v\u00e3o comandar 13 secretarias e a Procuradoria Geral do Estado. A divulga\u00e7\u00e3o foi realizada durante entrevista coletiva, no Sal\u00e3o de Atos da Governadoria, em Salvador.<\/p>\n<p>&nbsp;<\/p>\n<p>\u201cBusquei um misto de pessoas novas, com pessoas que j\u00e1 estavam conduzindo o governo at\u00e9 aqui. Avisei a eles que, primeiro, vamos trabalhar em equipe, n\u00e3o com talentos individuais. Segundo, vamos motivar as pessoas nas secretarias, tirar da zona de conforto e apresentar novos desafios. E para cada um deles, eu vou colocar metas e objetivos espec\u00edficos\u201d, garantiu Rui.<\/p>\n<p>&nbsp;<\/p>\n<p><img loading=\"lazy\" class=\"alignleft  wp-image-35520\" src=\"http:\/\/www.blogdothame.blog.br\/v1\/wp-content\/uploads\/2014\/12\/novos-secretarios-300x200.jpg\" alt=\"novos secretarios\" width=\"362\" height=\"241\" srcset=\"https:\/\/www.blogdothame.blog.br\/v1\/wp-content\/uploads\/2014\/12\/novos-secretarios-300x200.jpg 300w, https:\/\/www.blogdothame.blog.br\/v1\/wp-content\/uploads\/2014\/12\/novos-secretarios-1024x682.jpg 1024w, https:\/\/www.blogdothame.blog.br\/v1\/wp-content\/uploads\/2014\/12\/novos-secretarios.jpg 1137w\" sizes=\"(max-width: 362px) 100vw, 362px\" \/>O an\u00fancio dos outros 11 secret\u00e1rios, al\u00e9m de nomes de dirigentes de \u00f3rg\u00e3os do segundo escal\u00e3o, deve ser feito na pr\u00f3xima quinta feira (18). Rui tamb\u00e9m informou que ir\u00e1 trocar o comando das Policias Civil e Militar, estes nomes ser\u00e3o anunciados at\u00e9 31 de dezembro.<\/p>\n<p>&nbsp;<\/p>\n<p>O vice-governador eleito, Jo\u00e3o Le\u00e3o, ter\u00e1 tamb\u00e9m a miss\u00e3o de cuidar dos recursos e dos investimentos para a Bahia \u00e0 frente da secretaria de Planejamento. Assumir\u00e1 a Secretaria da Sa\u00fade, o gestor e m\u00e9dico F\u00e1bio Vilas-Boas. A comunica\u00e7\u00e3o ficar\u00e1 sob comando do jornalista Andr\u00e9 Curvello. O soci\u00f3logo Geraldo Reis assumir\u00e1 a pasta de Direitos Humanos e Desenvolvimento Social. A pasta de Trabalho e Emprego ser\u00e1 comandada pelo atual deputado estadual \u00c1lvaro Gomes. Infraestrutura H\u00eddrica ter\u00e1 como secret\u00e1rio C\u00e1ssio Peixoto. O deputado federal Josias Gomes cuidar\u00e1 das Rela\u00e7\u00f5es Institucionais. E o pr\u00f3ximo Procurador Geral do Estado ser\u00e1 o servidor Paulo Moreno.<\/p>\n<p>&nbsp;<\/p>\n<p>Seis atuais secret\u00e1rios permanecem no comando de suas pastas. S\u00e3o eles: Manoel Vit\u00f3rio, na Fazenda; Maur\u00edcio Barbosa, na Seguran\u00e7a P\u00fablica; Marcus Cavalcante, na Infraestrutura, Eug\u00eanio Spengler, no Meio Ambiente; Osvaldo Barreto, na Educa\u00e7\u00e3o e Nestor Duarte, na Administra\u00e7\u00e3o Penitenci\u00e1ria.<\/p>\n<p>&nbsp;<\/p>\n<p>&nbsp;<\/p>\n<\/div>\n","protected":false},"excerpt":{"rendered":"<p>&nbsp; O governador eleito da Bahia, Rui Costa, anunciou na manh\u00e3 desta ter\u00e7a- feira (16) os primeiros nomes do seu secretariado. Aliando experi\u00eancia t\u00e9cnica com capacidade pol\u00edtica, ele escolheu os dirigentes que v\u00e3o comandar 13 secretarias e a Procuradoria Geral do Estado. A divulga\u00e7\u00e3o foi realizada durante entrevista coletiva, no Sal\u00e3o de Atos da Governadoria, [&hellip;]<\/p>\n","protected":false},"author":2,"featured_media":0,"comment_status":"open","ping_status":"open","sticky":false,"template":"","format":"standard","meta":{"_links_to":"","_links_to_target":""},"categories":[1],"tags":[51,10909,615],"_links":{"self":[{"href":"https:\/\/www.blogdothame.blog.br\/v1\/wp-json\/wp\/v2\/posts\/35497"}],"collection":[{"href":"https:\/\/www.blogdothame.blog.br\/v1\/wp-json\/wp\/v2\/posts"}],"about":[{"href":"https:\/\/www.blogdothame.blog.br\/v1\/wp-json\/wp\/v2\/types\/post"}],"author":[{"embeddable":true,"href":"https:\/\/www.blogdothame.blog.br\/v1\/wp-json\/wp\/v2\/users\/2"}],"replies":[{"embeddable":true,"href":"https:\/\/www.blogdothame.blog.br\/v1\/wp-json\/wp\/v2\/comments?post=35497"}],"version-history":[{"count":8,"href":"https:\/\/www.blogdothame.blog.br\/v1\/wp-json\/wp\/v2\/posts\/35497\/revisions"}],"predecessor-version":[{"id":35524,"href":"https:\/\/www.blogdothame.blog.br\/v1\/wp-json\/wp\/v2\/posts\/35497\/revisions\/35524"}],"wp:attachment":[{"href":"https:\/\/www.blogdothame.blog.br\/v1\/wp-json\/wp\/v2\/media?parent=35497"}],"wp:term":[{"taxonomy":"category","embeddable":true,"href":"https:\/\/www.blogdothame.blog.br\/v1\/wp-json\/wp\/v2\/categories?post=35497"},{"taxonomy":"post_tag","embeddable":true,"href":"https:\/\/www.blogdothame.blog.br\/v1\/wp-json\/wp\/v2\/tags?post=35497"}],"curies":[{"name":"wp","href":"https:\/\/api.w.org\/{rel}","templated":true}]}}