{"id":35494,"date":"2014-12-16T11:12:47","date_gmt":"2014-12-16T14:12:47","guid":{"rendered":"http:\/\/www.blogdothame.blog.br\/v1\/?p=35494"},"modified":"2014-12-16T11:13:24","modified_gmt":"2014-12-16T14:13:24","slug":"em-encontro-com-dilma-mst-propoe-criacao-de-plano-de-metas-para-a-reforma-agraria","status":"publish","type":"post","link":"https:\/\/www.blogdothame.blog.br\/v1\/2014\/12\/16\/em-encontro-com-dilma-mst-propoe-criacao-de-plano-de-metas-para-a-reforma-agraria\/","title":{"rendered":"Em encontro com Dilma, MST prop\u00f5e cria\u00e7\u00e3o de plano de metas para a reforma agr\u00e1ria"},"content":{"rendered":"<p><img loading=\"lazy\" class=\"alignleft size-medium wp-image-35495\" src=\"http:\/\/www.blogdothame.blog.br\/v1\/wp-content\/uploads\/2014\/12\/mst-dilma-300x162.jpg\" alt=\"mst dilma\" width=\"300\" height=\"162\" srcset=\"https:\/\/www.blogdothame.blog.br\/v1\/wp-content\/uploads\/2014\/12\/mst-dilma-300x162.jpg 300w, https:\/\/www.blogdothame.blog.br\/v1\/wp-content\/uploads\/2014\/12\/mst-dilma.jpg 590w\" sizes=\"(max-width: 300px) 100vw, 300px\" \/>Ap\u00f3s reuni\u00e3o com o ex-presidente Lula na semana passada, membros da dire\u00e7\u00e3o nacional do Movimento dos Trabalhadores Rurais Sem Terra (MST) apresentaram reivindica\u00e7\u00f5es para a presidenta Dilma Rousseff, durante encontro nesta segunda-feira (15), no Pal\u00e1cio do Planalto.<\/p>\n<p>Representando o estado da Bahia, o dirigente nacional do MST, M\u00e1rcio Matos, diz que o debate central desse encontro foi a cria\u00e7\u00e3o de um plano de metas anuais para assentar fam\u00edlias no pa\u00eds, al\u00e9m de quest\u00f5es voltadas para o desenvolvimento territorial com produ\u00e7\u00e3o de alimentos em assentamentos de reforma agr\u00e1ria. \u201cDebatemos ainda conjuntura pol\u00edtica, quest\u00f5es como novas pol\u00edticas p\u00fablicas para agricultores familiares, amplia\u00e7\u00e3o de cr\u00e9ditos e desenvolvimento rural com assist\u00eancia t\u00e9cnica. A inten\u00e7\u00e3o \u00e9 construir com a presidenta um conjunto de a\u00e7\u00f5es, um plano de metas, para avan\u00e7ar o que n\u00e3o conseguimos neste primeiro governo\u201d, salienta Matos.<\/p>\n<p>Ainda durante o encontro, o MST apresentou quatro eixos de propostas: o acesso e democratiza\u00e7\u00e3o da terra, o est\u00edmulo \u00e0 produ\u00e7\u00e3o de alimentos saud\u00e1veis, aten\u00e7\u00e3o \u00e0 Educa\u00e7\u00e3o no Campo, al\u00e9m de reivindicar a cria\u00e7\u00e3o de novas pol\u00edticas p\u00fablicas de infraestrutura de assentamentos, como o PAC da Reforma Agr\u00e1ria. O dirigente nacional M\u00e1rcio Matos revela que as cobran\u00e7as apontam que o governo federal deve assentar \u201ctodas as fam\u00edlias que est\u00e3o acampadas debaixo das lonas pretas e nas beiras de estradas ou em terra da Uni\u00e3o. Pedimos tamb\u00e9m a valoriza\u00e7\u00e3o dos servidores do Incra [Instituto Nacional de Coloniza\u00e7\u00e3o e Reforma Agr\u00e1ria], \u00f3rg\u00e3o que executa as pol\u00edticas de reforma agr\u00e1ria no pa\u00eds\u201d<\/p>\n","protected":false},"excerpt":{"rendered":"<p>Ap\u00f3s reuni\u00e3o com o ex-presidente Lula na semana passada, membros da dire\u00e7\u00e3o nacional do Movimento dos Trabalhadores Rurais Sem Terra (MST) apresentaram reivindica\u00e7\u00f5es para a presidenta Dilma Rousseff, durante encontro nesta segunda-feira (15), no Pal\u00e1cio do Planalto. Representando o estado da Bahia, o dirigente nacional do MST, M\u00e1rcio Matos, diz que o debate central desse [&hellip;]<\/p>\n","protected":false},"author":2,"featured_media":0,"comment_status":"open","ping_status":"open","sticky":false,"template":"","format":"standard","meta":{"_links_to":"","_links_to_target":""},"categories":[1],"tags":[361,337,1662,1048],"_links":{"self":[{"href":"https:\/\/www.blogdothame.blog.br\/v1\/wp-json\/wp\/v2\/posts\/35494"}],"collection":[{"href":"https:\/\/www.blogdothame.blog.br\/v1\/wp-json\/wp\/v2\/posts"}],"about":[{"href":"https:\/\/www.blogdothame.blog.br\/v1\/wp-json\/wp\/v2\/types\/post"}],"author":[{"embeddable":true,"href":"https:\/\/www.blogdothame.blog.br\/v1\/wp-json\/wp\/v2\/users\/2"}],"replies":[{"embeddable":true,"href":"https:\/\/www.blogdothame.blog.br\/v1\/wp-json\/wp\/v2\/comments?post=35494"}],"version-history":[{"count":1,"href":"https:\/\/www.blogdothame.blog.br\/v1\/wp-json\/wp\/v2\/posts\/35494\/revisions"}],"predecessor-version":[{"id":35496,"href":"https:\/\/www.blogdothame.blog.br\/v1\/wp-json\/wp\/v2\/posts\/35494\/revisions\/35496"}],"wp:attachment":[{"href":"https:\/\/www.blogdothame.blog.br\/v1\/wp-json\/wp\/v2\/media?parent=35494"}],"wp:term":[{"taxonomy":"category","embeddable":true,"href":"https:\/\/www.blogdothame.blog.br\/v1\/wp-json\/wp\/v2\/categories?post=35494"},{"taxonomy":"post_tag","embeddable":true,"href":"https:\/\/www.blogdothame.blog.br\/v1\/wp-json\/wp\/v2\/tags?post=35494"}],"curies":[{"name":"wp","href":"https:\/\/api.w.org\/{rel}","templated":true}]}}