{"id":35462,"date":"2014-12-15T17:04:04","date_gmt":"2014-12-15T20:04:04","guid":{"rendered":"http:\/\/www.blogdothame.blog.br\/v1\/?p=35462"},"modified":"2014-12-15T17:04:04","modified_gmt":"2014-12-15T20:04:04","slug":"rui-costa-anuncia-nomes-do-secretariado-estadual-nesta-terca-feira","status":"publish","type":"post","link":"https:\/\/www.blogdothame.blog.br\/v1\/2014\/12\/15\/rui-costa-anuncia-nomes-do-secretariado-estadual-nesta-terca-feira\/","title":{"rendered":"Rui Costa anuncia nomes do secretariado estadual nesta ter\u00e7a-feira"},"content":{"rendered":"<p><img loading=\"lazy\" class=\"aligncenter size-medium wp-image-35464\" src=\"http:\/\/www.blogdothame.blog.br\/v1\/wp-content\/uploads\/2014\/12\/Rui-sec-2-300x199.jpg\" alt=\"Rui sec 2\" width=\"300\" height=\"199\" srcset=\"https:\/\/www.blogdothame.blog.br\/v1\/wp-content\/uploads\/2014\/12\/Rui-sec-2-300x199.jpg 300w, https:\/\/www.blogdothame.blog.br\/v1\/wp-content\/uploads\/2014\/12\/Rui-sec-2.jpg 500w\" sizes=\"(max-width: 300px) 100vw, 300px\" \/><\/p>\n<p>O governador eleito da Bahia, Rui Costa, promove coletiva de imprensa, nesta ter\u00e7a-feira (16), \u00e0s 10h, para anunciar a composi\u00e7\u00e3o da equipe de secret\u00e1rios estaduais. O an\u00fancio ser\u00e1 realizado no Sal\u00e3o de Atos da Governadoria, em Salvador.<\/p>\n<p>De acordo com Rui, a escolha dos nomes buscou o melhor para a Bahia. &#8220;Trabalhamos para encontrar quadros que unissem caracter\u00edsticas t\u00e9cnicas e pol\u00edticas, porque eu acho que essa \u00e9 a melhor combina\u00e7\u00e3o. Queremos pessoas que tenham afinidade com as \u00e1reas que v\u00e3o tocar. Essa composi\u00e7\u00e3o \u00e9 sempre um quebra cabe\u00e7a e amanh\u00e3 n\u00f3s iremos anunciar.&#8221;, destacou.<\/p>\n","protected":false},"excerpt":{"rendered":"<p>O governador eleito da Bahia, Rui Costa, promove coletiva de imprensa, nesta ter\u00e7a-feira (16), \u00e0s 10h, para anunciar a composi\u00e7\u00e3o da equipe de secret\u00e1rios estaduais. O an\u00fancio ser\u00e1 realizado no Sal\u00e3o de Atos da Governadoria, em Salvador. De acordo com Rui, a escolha dos nomes buscou o melhor para a Bahia. &#8220;Trabalhamos para encontrar quadros [&hellip;]<\/p>\n","protected":false},"author":2,"featured_media":0,"comment_status":"open","ping_status":"open","sticky":false,"template":"","format":"standard","meta":{"_links_to":"","_links_to_target":""},"categories":[1],"tags":[10902,51,615],"_links":{"self":[{"href":"https:\/\/www.blogdothame.blog.br\/v1\/wp-json\/wp\/v2\/posts\/35462"}],"collection":[{"href":"https:\/\/www.blogdothame.blog.br\/v1\/wp-json\/wp\/v2\/posts"}],"about":[{"href":"https:\/\/www.blogdothame.blog.br\/v1\/wp-json\/wp\/v2\/types\/post"}],"author":[{"embeddable":true,"href":"https:\/\/www.blogdothame.blog.br\/v1\/wp-json\/wp\/v2\/users\/2"}],"replies":[{"embeddable":true,"href":"https:\/\/www.blogdothame.blog.br\/v1\/wp-json\/wp\/v2\/comments?post=35462"}],"version-history":[{"count":1,"href":"https:\/\/www.blogdothame.blog.br\/v1\/wp-json\/wp\/v2\/posts\/35462\/revisions"}],"predecessor-version":[{"id":35465,"href":"https:\/\/www.blogdothame.blog.br\/v1\/wp-json\/wp\/v2\/posts\/35462\/revisions\/35465"}],"wp:attachment":[{"href":"https:\/\/www.blogdothame.blog.br\/v1\/wp-json\/wp\/v2\/media?parent=35462"}],"wp:term":[{"taxonomy":"category","embeddable":true,"href":"https:\/\/www.blogdothame.blog.br\/v1\/wp-json\/wp\/v2\/categories?post=35462"},{"taxonomy":"post_tag","embeddable":true,"href":"https:\/\/www.blogdothame.blog.br\/v1\/wp-json\/wp\/v2\/tags?post=35462"}],"curies":[{"name":"wp","href":"https:\/\/api.w.org\/{rel}","templated":true}]}}