{"id":35376,"date":"2025-12-13T12:13:24","date_gmt":"2025-12-13T15:13:24","guid":{"rendered":"http:\/\/www.blogdothame.blog.br\/v1\/?p=35376"},"modified":"2025-12-12T08:51:46","modified_gmt":"2025-12-12T11:51:46","slug":"tv-cabralia-27-anos","status":"publish","type":"post","link":"https:\/\/www.blogdothame.blog.br\/v1\/2025\/12\/13\/tv-cabralia-27-anos\/","title":{"rendered":"TV Cabr\u00e1lia, 38 anos. A imagem do Sul da Bahia"},"content":{"rendered":"<div id=\"attachment_35377\" style=\"width: 404px\" class=\"wp-caption aligncenter\"><img aria-describedby=\"caption-attachment-35377\" loading=\"lazy\" class=\" wp-image-35377\" src=\"http:\/\/www.blogdothame.blog.br\/v1\/wp-content\/uploads\/2014\/12\/tv-cabralia-300x224.jpg\" alt=\"Com o produtor Luiz Henrique, o rep\u00f3rter Mauricio Maron, Jaques Wagner e o cinegrafista Sebasti\u00e3o Ribeiro. Carnaval de Itabuna,. inicio dos anos 2000. \" width=\"394\" height=\"294\" srcset=\"https:\/\/www.blogdothame.blog.br\/v1\/wp-content\/uploads\/2014\/12\/tv-cabralia-300x224.jpg 300w, https:\/\/www.blogdothame.blog.br\/v1\/wp-content\/uploads\/2014\/12\/tv-cabralia.jpg 1003w\" sizes=\"(max-width: 394px) 100vw, 394px\" \/><p id=\"caption-attachment-35377\" class=\"wp-caption-text\">Com o produtor Luiz Henrique, o rep\u00f3rter Mauricio Maron, Jaques Wagner e o cinegrafista Sebasti\u00e3o Ribeiro. Carnaval de Itabuna,. inicio dos anos 2000.<em> El tiempo pasa&#8230;<\/em><\/p><\/div>\n<p>&nbsp;<\/p>\n<p>A TV Cabr\u00e1lia completou 38 anos\u00a0 nesta sexta, 12 de dezembro.<\/p>\n<p>Primeira emissora de televis\u00e3o do interior do Norte\/Nordeste, com sede em Itabuna, Sul da Bahia, a TV Cabr\u00e1lia foi um divisor de \u00e1guas na comunica\u00e7\u00e3o regional.<\/p>\n<div id=\"attachment_35378\" style=\"width: 310px\" class=\"wp-caption alignleft\"><img aria-describedby=\"caption-attachment-35378\" loading=\"lazy\" class=\"size-medium wp-image-35378\" src=\"http:\/\/www.blogdothame.blog.br\/v1\/wp-content\/uploads\/2014\/12\/Nestor-300x225.jpg\" alt=\"Nestor Amazonas hoje em S\u00e3o Paulo, foi o alquimista que gestou uma tev\u00ea ~unica em seu tempo \" width=\"300\" height=\"225\" srcset=\"https:\/\/www.blogdothame.blog.br\/v1\/wp-content\/uploads\/2014\/12\/Nestor-300x225.jpg 300w, https:\/\/www.blogdothame.blog.br\/v1\/wp-content\/uploads\/2014\/12\/Nestor.jpg 960w\" sizes=\"(max-width: 300px) 100vw, 300px\" \/><p id=\"caption-attachment-35378\" class=\"wp-caption-text\">Nestor Amazonas hoje em Aracaju, foi o alquimista que gestou uma tev\u00ea \u00a0\u00fanica em seu tempo<\/p><\/div>\n<p>Programas como o Cabr\u00e1lia Bom Dia, Jornal do Meio Dia, Rep\u00f3rter Regional, Cabr\u00e1lia Esportiva e Cabr\u00e1lia Rural durante mais de uma d\u00e9cada valorizaram a programa\u00e7\u00e3o regional, um marco na filosofia da emissora criada por Luiz Viana Neto e Henrique Marquez e gestada na genialidade ainda n\u00e3o devidamente reconhecida de Nestor Amazonas.<\/p>\n<p>Este blogueiro, ex-jornalista em atividade e escritor extempor\u00e2neo, orgulha-se de ter sido o primeiro funcion\u00e1rio registrado pela TV Cabr\u00e1lia, onde ocupou o cargo de gerente de Jornalismo por 13 anos, at\u00e9 mergulhar nas aventuras e desventuras da assessoria pol\u00edtica, em sucessivos governados do PT nas esferas municipal, estadual e federal.<\/p>\n<p>Orgulho, entre outras coisas, de ter modestamente contribu\u00eddo para o surgimento de profissionais como \u00a0Claudia Barthel, Mauricio Maron, Vilma Medina, Adriana Quadros, Eduardo Lins, Madalena Braga, Andrea Silva, Renata Smith, Roger Sarmento, Paulo Lawinsky. Delza Schaun, Rita Santana, Dirceu G\u00f3es, Paula Maciel e Patricia Abreu , que com seu talento romperam as fronteiras regionais. (<em>Perd\u00e3o se esqueci algu\u00e9m e provavelmente esqueci, 35 anos n\u00e3o s\u00e3o 34 dias, quando se est\u00e1 se\u00a0 cruzou a barreira dos 65 anos de idade e quase\u00a0 \u00a050 anos\u00a0 na estrada do jornalismo<\/em>)<\/p>\n<p>Alv\u00edssaras ao nosso primeiro e eterno amor!<\/p>\n","protected":false},"excerpt":{"rendered":"<p>&nbsp; A TV Cabr\u00e1lia completou 38 anos\u00a0 nesta sexta, 12 de dezembro. Primeira emissora de televis\u00e3o do interior do Norte\/Nordeste, com sede em Itabuna, Sul da Bahia, a TV Cabr\u00e1lia foi um divisor de \u00e1guas na comunica\u00e7\u00e3o regional. Programas como o Cabr\u00e1lia Bom Dia, Jornal do Meio Dia, Rep\u00f3rter Regional, Cabr\u00e1lia Esportiva e Cabr\u00e1lia Rural [&hellip;]<\/p>\n","protected":false},"author":2,"featured_media":144160,"comment_status":"open","ping_status":"open","sticky":false,"template":"","format":"standard","meta":{"_links_to":"","_links_to_target":""},"categories":[33432],"tags":[10875,39,1165,10874,327],"_links":{"self":[{"href":"https:\/\/www.blogdothame.blog.br\/v1\/wp-json\/wp\/v2\/posts\/35376"}],"collection":[{"href":"https:\/\/www.blogdothame.blog.br\/v1\/wp-json\/wp\/v2\/posts"}],"about":[{"href":"https:\/\/www.blogdothame.blog.br\/v1\/wp-json\/wp\/v2\/types\/post"}],"author":[{"embeddable":true,"href":"https:\/\/www.blogdothame.blog.br\/v1\/wp-json\/wp\/v2\/users\/2"}],"replies":[{"embeddable":true,"href":"https:\/\/www.blogdothame.blog.br\/v1\/wp-json\/wp\/v2\/comments?post=35376"}],"version-history":[{"count":10,"href":"https:\/\/www.blogdothame.blog.br\/v1\/wp-json\/wp\/v2\/posts\/35376\/revisions"}],"predecessor-version":[{"id":182955,"href":"https:\/\/www.blogdothame.blog.br\/v1\/wp-json\/wp\/v2\/posts\/35376\/revisions\/182955"}],"wp:featuredmedia":[{"embeddable":true,"href":"https:\/\/www.blogdothame.blog.br\/v1\/wp-json\/wp\/v2\/media\/144160"}],"wp:attachment":[{"href":"https:\/\/www.blogdothame.blog.br\/v1\/wp-json\/wp\/v2\/media?parent=35376"}],"wp:term":[{"taxonomy":"category","embeddable":true,"href":"https:\/\/www.blogdothame.blog.br\/v1\/wp-json\/wp\/v2\/categories?post=35376"},{"taxonomy":"post_tag","embeddable":true,"href":"https:\/\/www.blogdothame.blog.br\/v1\/wp-json\/wp\/v2\/tags?post=35376"}],"curies":[{"name":"wp","href":"https:\/\/api.w.org\/{rel}","templated":true}]}}