{"id":35334,"date":"2014-12-11T09:02:44","date_gmt":"2014-12-11T12:02:44","guid":{"rendered":"http:\/\/www.blogdothame.blog.br\/v1\/?p=35334"},"modified":"2014-12-11T09:03:14","modified_gmt":"2014-12-11T12:03:14","slug":"assembleia-legislativa-aprova-reforma-administrativa-do-governo-do-estado","status":"publish","type":"post","link":"https:\/\/www.blogdothame.blog.br\/v1\/2014\/12\/11\/assembleia-legislativa-aprova-reforma-administrativa-do-governo-do-estado\/","title":{"rendered":"Assembleia Legislativa aprova reforma administrativa do Governo do Estado"},"content":{"rendered":"<p>O projeto de lei que estabelece a reforma administrativa do Governo do Estado foi aprovado pela Assembleia Legislativa na noite desta quarta-feira (10). O texto que define a nova estrutura do governo estadual foi elaborado pelo Grupo de Trabalho de Transi\u00e7\u00e3o Governamental e apresentado aos deputados e \u00e0 imprensa pelo governador eleito, Rui Costa, no dia 1\u00ba de dezembro.<\/p>\n<p>&nbsp;<\/p>\n<p>Na nova estrutura ser\u00e3o extintas seis secretarias e criadas outras tr\u00eas, reduzindo de 27 para 24 o n\u00famero de pastas estaduais. Com a reestrutura\u00e7\u00e3o de \u00f3rg\u00e3os e a extin\u00e7\u00e3o de cargos p\u00fablicos, as mudan\u00e7as estimam economia de R$ 200 milh\u00f5es, ampliando a qualidade dos servi\u00e7os e modernizando o Estado. O projeto aprovado pela Assembleia tamb\u00e9m prev\u00ea a qualifica\u00e7\u00e3o da gest\u00e3o, por meio de indicadores e metas, refor\u00e7o nos controles internos das secretarias e a elimina\u00e7\u00e3o de sombreamentos de compet\u00eancias entre os \u00f3rg\u00e3os.<\/p>\n<p>&nbsp;<\/p>\n<p><a href=\"http:\/\/www.al.ba.gov.br\/atividade-parlamentar\/proposicoes-resultado.php?cod=PL.\/21.007\/2014\"><strong>Clique aqui e confira o Projeto de Lei 21.007\/2014.<\/strong><\/a><\/p>\n","protected":false},"excerpt":{"rendered":"<p>O projeto de lei que estabelece a reforma administrativa do Governo do Estado foi aprovado pela Assembleia Legislativa na noite desta quarta-feira (10). O texto que define a nova estrutura do governo estadual foi elaborado pelo Grupo de Trabalho de Transi\u00e7\u00e3o Governamental e apresentado aos deputados e \u00e0 imprensa pelo governador eleito, Rui Costa, no [&hellip;]<\/p>\n","protected":false},"author":2,"featured_media":0,"comment_status":"open","ping_status":"open","sticky":false,"template":"","format":"standard","meta":{"_links_to":"","_links_to_target":""},"categories":[1],"tags":[552,51,10865],"_links":{"self":[{"href":"https:\/\/www.blogdothame.blog.br\/v1\/wp-json\/wp\/v2\/posts\/35334"}],"collection":[{"href":"https:\/\/www.blogdothame.blog.br\/v1\/wp-json\/wp\/v2\/posts"}],"about":[{"href":"https:\/\/www.blogdothame.blog.br\/v1\/wp-json\/wp\/v2\/types\/post"}],"author":[{"embeddable":true,"href":"https:\/\/www.blogdothame.blog.br\/v1\/wp-json\/wp\/v2\/users\/2"}],"replies":[{"embeddable":true,"href":"https:\/\/www.blogdothame.blog.br\/v1\/wp-json\/wp\/v2\/comments?post=35334"}],"version-history":[{"count":1,"href":"https:\/\/www.blogdothame.blog.br\/v1\/wp-json\/wp\/v2\/posts\/35334\/revisions"}],"predecessor-version":[{"id":35335,"href":"https:\/\/www.blogdothame.blog.br\/v1\/wp-json\/wp\/v2\/posts\/35334\/revisions\/35335"}],"wp:attachment":[{"href":"https:\/\/www.blogdothame.blog.br\/v1\/wp-json\/wp\/v2\/media?parent=35334"}],"wp:term":[{"taxonomy":"category","embeddable":true,"href":"https:\/\/www.blogdothame.blog.br\/v1\/wp-json\/wp\/v2\/categories?post=35334"},{"taxonomy":"post_tag","embeddable":true,"href":"https:\/\/www.blogdothame.blog.br\/v1\/wp-json\/wp\/v2\/tags?post=35334"}],"curies":[{"name":"wp","href":"https:\/\/api.w.org\/{rel}","templated":true}]}}