{"id":35294,"date":"2014-12-10T10:19:24","date_gmt":"2014-12-10T13:19:24","guid":{"rendered":"http:\/\/www.blogdothame.blog.br\/v1\/?p=35294"},"modified":"2014-12-10T10:19:24","modified_gmt":"2014-12-10T13:19:24","slug":"rui-costa-destaca-urgencia-nas-acoes-de-saude-economia-e-seguranca-em-encontro-de-governadores-eleitos-no-nordeste","status":"publish","type":"post","link":"https:\/\/www.blogdothame.blog.br\/v1\/2014\/12\/10\/rui-costa-destaca-urgencia-nas-acoes-de-saude-economia-e-seguranca-em-encontro-de-governadores-eleitos-no-nordeste\/","title":{"rendered":"Rui Costa destaca urg\u00eancia nas a\u00e7\u00f5es de sa\u00fade, economia e seguran\u00e7a em encontro de governadores eleitos no Nordeste"},"content":{"rendered":"<p><img loading=\"lazy\" class=\"aligncenter  wp-image-35295\" src=\"http:\/\/www.blogdothame.blog.br\/v1\/wp-content\/uploads\/2014\/12\/rui-nordeste-300x188.jpg\" alt=\"rui nordeste\" width=\"418\" height=\"262\" srcset=\"https:\/\/www.blogdothame.blog.br\/v1\/wp-content\/uploads\/2014\/12\/rui-nordeste-300x188.jpg 300w, https:\/\/www.blogdothame.blog.br\/v1\/wp-content\/uploads\/2014\/12\/rui-nordeste.jpg 540w\" sizes=\"(max-width: 418px) 100vw, 418px\" \/><\/p>\n<p>Durante o Encontro dos Governadores eleitos do Nordeste, no Centro de Conven\u00e7\u00f5es, em Jo\u00e3o Pessoa, o governador eleito da Bahia, Rui Costa (PT), elencou a emerg\u00eancia de a\u00e7\u00f5es nos setores da Sa\u00fade, Economia, Infraestrutura H\u00eddrica e Seguran\u00e7a P\u00fablica.<\/p>\n<p>Para Rui Costa, as defici\u00eancias enfrentadas durante os procedimentos de m\u00e9dia e alta complexidade na Sa\u00fade apontam a urg\u00eancia de definir uma nova fonte de financiamento para o setor no Pa\u00eds. \u201c\u00c9 um ponto consensual entre todos os governadores do Nordeste\u201d, enfatizou. \u201cEm fevereiro que vem, vamos juntos fazer uma reuni\u00e3o com nossa bancada federal de deputados e senadores para discutir, entre outros itens, o financiamento da sa\u00fade p\u00fablica no Brasil e, em especial, financiamento da m\u00e9dia e alta complexidade\u201d, disse.<\/p>\n<p><img loading=\"lazy\" class=\"alignleft size-medium wp-image-35296\" src=\"http:\/\/www.blogdothame.blog.br\/v1\/wp-content\/uploads\/2014\/12\/Rui-nordeste-2-300x200.jpg\" alt=\"Rui nordeste 2\" width=\"300\" height=\"200\" srcset=\"https:\/\/www.blogdothame.blog.br\/v1\/wp-content\/uploads\/2014\/12\/Rui-nordeste-2-300x200.jpg 300w, https:\/\/www.blogdothame.blog.br\/v1\/wp-content\/uploads\/2014\/12\/Rui-nordeste-2.jpg 700w\" sizes=\"(max-width: 300px) 100vw, 300px\" \/>Em rela\u00e7\u00e3o aos tributos, Rui Costa comentou sobre a cobran\u00e7a do ICMS. Ele lembrou que hoje os recursos oriundos desse imposto beneficiam mais os estados do Sul quando a compra do produto \u00e9 feita pela internet. \u201cN\u00f3s defendemos, portanto, que seja consolidado aquilo o que foi negociado pelos governadores atuais e pelo governo federal, como taxa de ICMS, tamb\u00e9m seja ao lado disso garantido que o Nordeste ser\u00e1 a fonte espec\u00edfica de lan\u00e7amento\u201d, destacou.<\/p>\n<p>As a\u00e7\u00f5es de infraestrutura para a regi\u00e3o, em especial aquelas voltadas ao setor h\u00eddrico, estiveram entre os itens elencados por Rui Costa. \u201cA crise de abastecimento de \u00e1gua em S\u00e3o Paulo deixa bem claro como a economia e a popula\u00e7\u00e3o podem sofrer por aus\u00eancia de investimento e planejamentos, a longo prazo, no item abastecimento de \u00e1gua\u201d, afirmou.<\/p>\n<p>Houve ainda propostas levantadas pelo governador eleito da Bahia para o setor de Seguran\u00e7a P\u00fablica. \u201cN\u00f3s queremos aqui reafirmar a necessidade de consolida\u00e7\u00e3o do Fundo Nacional de Seguran\u00e7a P\u00fablica e redefini\u00e7\u00e3o do papel do Governo Federal no item Seguran\u00e7a, assim como afirmado pela presidente durante a campanha eleitoral\u201d, afirmou Rui Costa. \u201cO Governo Federal deve participar mais diretamente do planejamento, portanto, tendo a\u00e7\u00e3o articulada entre o Governo Federal e os governos estaduais\u201d, completou.<\/p>\n<p>&nbsp;<\/p>\n<p>&nbsp;<\/p>\n","protected":false},"excerpt":{"rendered":"<p>Durante o Encontro dos Governadores eleitos do Nordeste, no Centro de Conven\u00e7\u00f5es, em Jo\u00e3o Pessoa, o governador eleito da Bahia, Rui Costa (PT), elencou a emerg\u00eancia de a\u00e7\u00f5es nos setores da Sa\u00fade, Economia, Infraestrutura H\u00eddrica e Seguran\u00e7a P\u00fablica. Para Rui Costa, as defici\u00eancias enfrentadas durante os procedimentos de m\u00e9dia e alta complexidade na Sa\u00fade apontam [&hellip;]<\/p>\n","protected":false},"author":2,"featured_media":0,"comment_status":"open","ping_status":"open","sticky":false,"template":"","format":"standard","meta":{"_links_to":"","_links_to_target":""},"categories":[1],"tags":[51,10855,615],"_links":{"self":[{"href":"https:\/\/www.blogdothame.blog.br\/v1\/wp-json\/wp\/v2\/posts\/35294"}],"collection":[{"href":"https:\/\/www.blogdothame.blog.br\/v1\/wp-json\/wp\/v2\/posts"}],"about":[{"href":"https:\/\/www.blogdothame.blog.br\/v1\/wp-json\/wp\/v2\/types\/post"}],"author":[{"embeddable":true,"href":"https:\/\/www.blogdothame.blog.br\/v1\/wp-json\/wp\/v2\/users\/2"}],"replies":[{"embeddable":true,"href":"https:\/\/www.blogdothame.blog.br\/v1\/wp-json\/wp\/v2\/comments?post=35294"}],"version-history":[{"count":1,"href":"https:\/\/www.blogdothame.blog.br\/v1\/wp-json\/wp\/v2\/posts\/35294\/revisions"}],"predecessor-version":[{"id":35297,"href":"https:\/\/www.blogdothame.blog.br\/v1\/wp-json\/wp\/v2\/posts\/35294\/revisions\/35297"}],"wp:attachment":[{"href":"https:\/\/www.blogdothame.blog.br\/v1\/wp-json\/wp\/v2\/media?parent=35294"}],"wp:term":[{"taxonomy":"category","embeddable":true,"href":"https:\/\/www.blogdothame.blog.br\/v1\/wp-json\/wp\/v2\/categories?post=35294"},{"taxonomy":"post_tag","embeddable":true,"href":"https:\/\/www.blogdothame.blog.br\/v1\/wp-json\/wp\/v2\/tags?post=35294"}],"curies":[{"name":"wp","href":"https:\/\/api.w.org\/{rel}","templated":true}]}}