{"id":35262,"date":"2014-12-09T17:27:09","date_gmt":"2014-12-09T20:27:09","guid":{"rendered":"http:\/\/www.blogdothame.blog.br\/v1\/?p=35262"},"modified":"2014-12-09T17:27:09","modified_gmt":"2014-12-09T20:27:09","slug":"apreendidos-mais-de-70-quilos-de-drogas-em-feira-de-santana","status":"publish","type":"post","link":"https:\/\/www.blogdothame.blog.br\/v1\/2014\/12\/09\/apreendidos-mais-de-70-quilos-de-drogas-em-feira-de-santana\/","title":{"rendered":"Apreendidos mais de 70 quilos de drogas em Feira de Santana"},"content":{"rendered":"<p><img loading=\"lazy\" class=\"aligncenter  wp-image-35263\" src=\"http:\/\/www.blogdothame.blog.br\/v1\/wp-content\/uploads\/2014\/12\/feira-drug-300x168.jpg\" alt=\"feira drug\" width=\"395\" height=\"221\" srcset=\"https:\/\/www.blogdothame.blog.br\/v1\/wp-content\/uploads\/2014\/12\/feira-drug-300x168.jpg 300w, https:\/\/www.blogdothame.blog.br\/v1\/wp-content\/uploads\/2014\/12\/feira-drug-1024x576.jpg 1024w, https:\/\/www.blogdothame.blog.br\/v1\/wp-content\/uploads\/2014\/12\/feira-drug.jpg 1032w\" sizes=\"(max-width: 395px) 100vw, 395px\" \/>Mais de 70 quilos de drogas apreendidos em Feira de Santana, al\u00e9m de uma arma, muni\u00e7\u00f5es, algemas, material para refino de coca\u00edna e um ve\u00edculo utilizado pelo tr\u00e1fico. Este foi o resultado de uma opera\u00e7\u00e3o deflagrada por policiais da Delegacia de T\u00f3xicos e Entorpecentes (DTE\/Feira), no bairro Expans\u00e3o do Feira IX, onde ocorreram as pris\u00f5es de Romilson Ribeiro Santos, o \u201cMisso\u201d, de 31 anos, e Adriano Nunes de Jesus, o \u201cGago\u201d, 21.<\/p>\n<p>Ao averiguar uma den\u00fancia an\u00f4nima, a equipe do delegado Matheus Souza Lima, titular da DTE\/Feira, encontrou em uma casa, na Travessa Jos\u00e9 Raimundo, 60 quilos de maconha prensada, crack, coca\u00edna, balan\u00e7a de precis\u00e3o, um par de algemas, uma pistola 380 municiada, muni\u00e7\u00f5es de diversos calibres e um ve\u00edculo Corsa Classic Sed\u00e3, de cor prata.<\/p>\n<p>Numa localidade conhecida como \u201cBuraco das Cobras\u201d, os investigadores flagraram Adriano e Romilson com sete quilos de coca\u00edna, dez quilos de maconha prensada, uma prensa e 22 quilos de um p\u00f3 branco, aparentemente \u00e1cido b\u00f3rico. Todo o material apreendido durante a opera\u00e7\u00e3o policial seguiu para per\u00edcia no Departamento de Pol\u00edcia T\u00e9cnica (DPT). Os dois traficantes seguiram para a cadeia.<\/p>\n<p>&nbsp;<\/p>\n","protected":false},"excerpt":{"rendered":"<p>Mais de 70 quilos de drogas apreendidos em Feira de Santana, al\u00e9m de uma arma, muni\u00e7\u00f5es, algemas, material para refino de coca\u00edna e um ve\u00edculo utilizado pelo tr\u00e1fico. Este foi o resultado de uma opera\u00e7\u00e3o deflagrada por policiais da Delegacia de T\u00f3xicos e Entorpecentes (DTE\/Feira), no bairro Expans\u00e3o do Feira IX, onde ocorreram as pris\u00f5es [&hellip;]<\/p>\n","protected":false},"author":2,"featured_media":0,"comment_status":"open","ping_status":"open","sticky":false,"template":"","format":"standard","meta":{"_links_to":"","_links_to_target":""},"categories":[1],"tags":[7160,358],"_links":{"self":[{"href":"https:\/\/www.blogdothame.blog.br\/v1\/wp-json\/wp\/v2\/posts\/35262"}],"collection":[{"href":"https:\/\/www.blogdothame.blog.br\/v1\/wp-json\/wp\/v2\/posts"}],"about":[{"href":"https:\/\/www.blogdothame.blog.br\/v1\/wp-json\/wp\/v2\/types\/post"}],"author":[{"embeddable":true,"href":"https:\/\/www.blogdothame.blog.br\/v1\/wp-json\/wp\/v2\/users\/2"}],"replies":[{"embeddable":true,"href":"https:\/\/www.blogdothame.blog.br\/v1\/wp-json\/wp\/v2\/comments?post=35262"}],"version-history":[{"count":1,"href":"https:\/\/www.blogdothame.blog.br\/v1\/wp-json\/wp\/v2\/posts\/35262\/revisions"}],"predecessor-version":[{"id":35264,"href":"https:\/\/www.blogdothame.blog.br\/v1\/wp-json\/wp\/v2\/posts\/35262\/revisions\/35264"}],"wp:attachment":[{"href":"https:\/\/www.blogdothame.blog.br\/v1\/wp-json\/wp\/v2\/media?parent=35262"}],"wp:term":[{"taxonomy":"category","embeddable":true,"href":"https:\/\/www.blogdothame.blog.br\/v1\/wp-json\/wp\/v2\/categories?post=35262"},{"taxonomy":"post_tag","embeddable":true,"href":"https:\/\/www.blogdothame.blog.br\/v1\/wp-json\/wp\/v2\/tags?post=35262"}],"curies":[{"name":"wp","href":"https:\/\/api.w.org\/{rel}","templated":true}]}}