{"id":35187,"date":"2014-12-05T19:01:03","date_gmt":"2014-12-05T22:01:03","guid":{"rendered":"http:\/\/www.blogdothame.blog.br\/v1\/?p=35187"},"modified":"2014-12-05T18:01:49","modified_gmt":"2014-12-05T21:01:49","slug":"dilma-diz-que-america-do-sul-mostra-vigor-da-democracia","status":"publish","type":"post","link":"https:\/\/www.blogdothame.blog.br\/v1\/2014\/12\/05\/dilma-diz-que-america-do-sul-mostra-vigor-da-democracia\/","title":{"rendered":"Dilma diz que Am\u00e9rica do Sul mostra \u201cvigor da democracia\u201d"},"content":{"rendered":"<p>&nbsp;<\/p>\n<p><img loading=\"lazy\" class=\"aligncenter  wp-image-35190\" src=\"http:\/\/www.blogdothame.blog.br\/v1\/wp-content\/uploads\/2014\/12\/unasul-300x106.jpg\" alt=\"unasul\" width=\"501\" height=\"177\" \/><\/p>\n<p>As elei\u00e7\u00f5es nos pa\u00edses da Am\u00e9rica do Sul refor\u00e7aram o vigor da democracia e mostraram que o povo prioriza a inclus\u00e3o social e a distribui\u00e7\u00e3o de renda, discursou a presidente Dilma Rousseff nesta sexta-feira 5, em Quito, no Equador, durante a c\u00fapula da Unasul, bloco que re\u00fane os 12 pa\u00edses do continente.<\/p>\n<p>&#8220;As elei\u00e7\u00f5es em cinco pa\u00edses demonstraram o vigor das nossas democracias, com escrut\u00ednios marcados pela expressiva participa\u00e7\u00e3o popular e a mais ampla liberdade de express\u00e3o. Nessas elei\u00e7\u00f5es, saiu vitoriosa a agenda da inclus\u00e3o social, do desenvolvimento com distribui\u00e7\u00e3o de renda e do combate \u00e0 desigualdade e da garantia de oportunidades, que caracteriza nossa regi\u00e3o nos \u00faltimos anos&#8221;, afirmou.<\/p>\n<p>Em uma fala de cerca de 15 minutos, ela tamb\u00e9m destacou as vit\u00f3rias de Tabar\u00e9 Vasquez, no Uruguai, Michele Bachellet, no Chile, Evo Morales, na Bol\u00edvia, e Juan Manuel Santos, na Col\u00f4mbia, al\u00e9m da sua no Brasil. Ela definiu sua reelei\u00e7\u00e3o como sendo a renova\u00e7\u00e3o do apoio da sociedade a &#8220;um projeto que combina inclus\u00e3o social, combate \u00e0 pobreza e busca aumentar a competitividade&#8221;.<\/p>\n<p>Dilma afirmou ainda\u00a0que a crise internacional &#8220;afetou profundamente&#8221; o Brasil e que devido ao cen\u00e1rio\u00a0&#8220;cada vez mais conturbado pelas incertezas de ordem pol\u00edtica e econ\u00f4mica&#8221;, \u00e9 extremamente importante a &#8220;integra\u00e7\u00e3o dos pa\u00edses da nossa regi\u00e3o. A presidente citou &#8220;um quadro dif\u00edcil na Europa&#8221;, uma &#8220;recess\u00e3o no Jap\u00e3o&#8221; e &#8220;uma recupera\u00e7\u00e3o nos Estados Unidos, mas que ainda n\u00e3o mostra toda a sua for\u00e7a&#8221;.<\/p>\n<p>A presidente destacou o crescente peso da regi\u00e3o como interlocutor global, que tem como caracter\u00edsticas principais o di\u00e1logo e a coopera\u00e7\u00e3o. Ela apontou para novas interlocu\u00e7\u00f5es nos pr\u00f3ximos anos. &#8220;Por isso, tenho certeza que ao longo dos pr\u00f3ximos anos vamos tamb\u00e9m diversificar e buscar novas interlocu\u00e7\u00f5es&#8221;, afirmou.<\/p>\n<p><strong>\u00a0<\/strong><\/p>\n","protected":false},"excerpt":{"rendered":"<p>&nbsp; As elei\u00e7\u00f5es nos pa\u00edses da Am\u00e9rica do Sul refor\u00e7aram o vigor da democracia e mostraram que o povo prioriza a inclus\u00e3o social e a distribui\u00e7\u00e3o de renda, discursou a presidente Dilma Rousseff nesta sexta-feira 5, em Quito, no Equador, durante a c\u00fapula da Unasul, bloco que re\u00fane os 12 pa\u00edses do continente. &#8220;As elei\u00e7\u00f5es [&hellip;]<\/p>\n","protected":false},"author":2,"featured_media":0,"comment_status":"open","ping_status":"open","sticky":false,"template":"","format":"standard","meta":{"_links_to":"","_links_to_target":""},"categories":[1],"tags":[361,10834],"_links":{"self":[{"href":"https:\/\/www.blogdothame.blog.br\/v1\/wp-json\/wp\/v2\/posts\/35187"}],"collection":[{"href":"https:\/\/www.blogdothame.blog.br\/v1\/wp-json\/wp\/v2\/posts"}],"about":[{"href":"https:\/\/www.blogdothame.blog.br\/v1\/wp-json\/wp\/v2\/types\/post"}],"author":[{"embeddable":true,"href":"https:\/\/www.blogdothame.blog.br\/v1\/wp-json\/wp\/v2\/users\/2"}],"replies":[{"embeddable":true,"href":"https:\/\/www.blogdothame.blog.br\/v1\/wp-json\/wp\/v2\/comments?post=35187"}],"version-history":[{"count":1,"href":"https:\/\/www.blogdothame.blog.br\/v1\/wp-json\/wp\/v2\/posts\/35187\/revisions"}],"predecessor-version":[{"id":35192,"href":"https:\/\/www.blogdothame.blog.br\/v1\/wp-json\/wp\/v2\/posts\/35187\/revisions\/35192"}],"wp:attachment":[{"href":"https:\/\/www.blogdothame.blog.br\/v1\/wp-json\/wp\/v2\/media?parent=35187"}],"wp:term":[{"taxonomy":"category","embeddable":true,"href":"https:\/\/www.blogdothame.blog.br\/v1\/wp-json\/wp\/v2\/categories?post=35187"},{"taxonomy":"post_tag","embeddable":true,"href":"https:\/\/www.blogdothame.blog.br\/v1\/wp-json\/wp\/v2\/tags?post=35187"}],"curies":[{"name":"wp","href":"https:\/\/api.w.org\/{rel}","templated":true}]}}