{"id":35008,"date":"2014-12-02T09:09:08","date_gmt":"2014-12-02T12:09:08","guid":{"rendered":"http:\/\/www.blogdothame.blog.br\/v1\/?p=35008"},"modified":"2014-12-02T09:28:34","modified_gmt":"2014-12-02T12:28:34","slug":"culinaria-tipica-de-jorge-e-obra-amadiana-permeiam-a-presenca-de-paloma-amado-a-felita","status":"publish","type":"post","link":"https:\/\/www.blogdothame.blog.br\/v1\/2014\/12\/02\/culinaria-tipica-de-jorge-e-obra-amadiana-permeiam-a-presenca-de-paloma-amado-a-felita\/","title":{"rendered":"Culin\u00e1ria t\u00edpica de Jorge e obra amadiana marcam presen\u00e7a de Paloma Amado na Felita"},"content":{"rendered":"<p><img loading=\"lazy\" class=\"aligncenter size-medium wp-image-35009\" src=\"http:\/\/www.blogdothame.blog.br\/v1\/wp-content\/uploads\/2014\/12\/paloma-amado-282x300.jpg\" alt=\"paloma amado\" width=\"282\" height=\"300\" srcset=\"https:\/\/www.blogdothame.blog.br\/v1\/wp-content\/uploads\/2014\/12\/paloma-amado-282x300.jpg 282w, https:\/\/www.blogdothame.blog.br\/v1\/wp-content\/uploads\/2014\/12\/paloma-amado.jpg 745w\" sizes=\"(max-width: 282px) 100vw, 282px\" \/><\/p>\n<p style=\"color: #222222;\">Apaixonada pelas obras do pai, Jorge Amado, a escritora Paloma Jorge Amado estar\u00e1 em Itabuna esta semana para debater a Literatura Amadiana e lan\u00e7ar seu mais recente livro: &#8220;A Comida Baiana de Jorge Amado&#8221;, durante a primeira Feira Liter\u00e1ria de Itabuna (Felita).<\/p>\n<p style=\"color: #222222;\">Paloma \u00e9 uma das principais atra\u00e7\u00f5es confirmadas para a Felita, que acontece entre os dias 4 e 7 de dezembro, no Col\u00e9gio S\u00e3o Jos\u00e9 da A\u00e7\u00e3o Fraternal de Itabuna (AFI).\u00a0Na sexta-feira (05), segundo dia de atividades da Felita, a partir das 11h,\u00a0 ser\u00e1 o lan\u00e7amento do seu livro que conta hist\u00f3rias sobre as comidas t\u00edpicas da Bahia, mencionadas por Jorge Amado em seu dia-a-dia ou mesmo em suas obras.<\/p>\n<p>J\u00e1 no s\u00e1bado (06), a partir das 10h, a escritora participa da mesa de debate sobre a Literatura Amadiana.\u00a0Al\u00e9m da escritora, a mesa contar\u00e1 ainda com a presen\u00e7a do jornalista e escritor Daniel Thame, autor do livro \u201cJorge100anosAmado-Tributo a um eterno Menino Grapiuna\u201d, entre outros.<\/p>\n<p style=\"color: #222222;\">Paloma Jorge Amado \u00e9 formada em Psicologia, optou pela literatura influenciada por seus pais, os escritores Jorge Amado e Zelia Gattai. Ela \u00e9 autora de diversos livros e tem nas crian\u00e7as seu p\u00fablico principal, mas n\u00e3o abre m\u00e3o de escrever para os adultos.\u00a0Nasceu em Praga, na Rep\u00fablica Tcheca durante o ex\u00edlio dos pais e veio para o Brasil aos dez meses quando foi morar no Rio de Janeiro com a fam\u00edlia.<\/p>\n<p style=\"color: #222222;\">A entrada para a Felita \u00e9 gratuita. A programa\u00e7\u00e3o completa da feira pode ser conferida no site\u00a0<a style=\"color: #1155cc;\" href=\"http:\/\/www.feiraliterariadeitabuna.com.br\/\" target=\"_blank\">www.<wbr><\/wbr>feiraliterariadeitabuna.com.br<\/a><wbr><\/wbr>.<\/p>\n","protected":false},"excerpt":{"rendered":"<p>Apaixonada pelas obras do pai, Jorge Amado, a escritora Paloma Jorge Amado estar\u00e1 em Itabuna esta semana para debater a Literatura Amadiana e lan\u00e7ar seu mais recente livro: &#8220;A Comida Baiana de Jorge Amado&#8221;, durante a primeira Feira Liter\u00e1ria de Itabuna (Felita). Paloma \u00e9 uma das principais atra\u00e7\u00f5es confirmadas para a Felita, que acontece entre [&hellip;]<\/p>\n","protected":false},"author":2,"featured_media":0,"comment_status":"open","ping_status":"open","sticky":false,"template":"","format":"standard","meta":{"_links_to":"","_links_to_target":""},"categories":[1],"tags":[718,10805,168,10804],"_links":{"self":[{"href":"https:\/\/www.blogdothame.blog.br\/v1\/wp-json\/wp\/v2\/posts\/35008"}],"collection":[{"href":"https:\/\/www.blogdothame.blog.br\/v1\/wp-json\/wp\/v2\/posts"}],"about":[{"href":"https:\/\/www.blogdothame.blog.br\/v1\/wp-json\/wp\/v2\/types\/post"}],"author":[{"embeddable":true,"href":"https:\/\/www.blogdothame.blog.br\/v1\/wp-json\/wp\/v2\/users\/2"}],"replies":[{"embeddable":true,"href":"https:\/\/www.blogdothame.blog.br\/v1\/wp-json\/wp\/v2\/comments?post=35008"}],"version-history":[{"count":6,"href":"https:\/\/www.blogdothame.blog.br\/v1\/wp-json\/wp\/v2\/posts\/35008\/revisions"}],"predecessor-version":[{"id":35015,"href":"https:\/\/www.blogdothame.blog.br\/v1\/wp-json\/wp\/v2\/posts\/35008\/revisions\/35015"}],"wp:attachment":[{"href":"https:\/\/www.blogdothame.blog.br\/v1\/wp-json\/wp\/v2\/media?parent=35008"}],"wp:term":[{"taxonomy":"category","embeddable":true,"href":"https:\/\/www.blogdothame.blog.br\/v1\/wp-json\/wp\/v2\/categories?post=35008"},{"taxonomy":"post_tag","embeddable":true,"href":"https:\/\/www.blogdothame.blog.br\/v1\/wp-json\/wp\/v2\/tags?post=35008"}],"curies":[{"name":"wp","href":"https:\/\/api.w.org\/{rel}","templated":true}]}}