{"id":34823,"date":"2014-11-25T15:41:23","date_gmt":"2014-11-25T18:41:23","guid":{"rendered":"http:\/\/www.blogdothame.blog.br\/v1\/?p=34823"},"modified":"2014-11-25T15:42:29","modified_gmt":"2014-11-25T18:42:29","slug":"wagner-inaugura-multinacional-em-feira-de-santana","status":"publish","type":"post","link":"https:\/\/www.blogdothame.blog.br\/v1\/2014\/11\/25\/wagner-inaugura-multinacional-em-feira-de-santana\/","title":{"rendered":"Wagner inaugura multinacional em Feira de Santana"},"content":{"rendered":"<p><img loading=\"lazy\" class=\"aligncenter size-medium wp-image-34824\" src=\"http:\/\/www.blogdothame.blog.br\/v1\/wp-content\/uploads\/2014\/11\/placo-1-300x199.jpg\" alt=\"placo 1\" width=\"300\" height=\"199\" srcset=\"https:\/\/www.blogdothame.blog.br\/v1\/wp-content\/uploads\/2014\/11\/placo-1-300x199.jpg 300w, https:\/\/www.blogdothame.blog.br\/v1\/wp-content\/uploads\/2014\/11\/placo-1-1024x682.jpg 1024w, https:\/\/www.blogdothame.blog.br\/v1\/wp-content\/uploads\/2014\/11\/placo-1.jpg 1124w\" sizes=\"(max-width: 300px) 100vw, 300px\" \/><br \/>\n<br style=\"color: #222222;\" \/><br style=\"color: #222222;\" \/><span style=\"color: #222222;\">O grupo franc\u00eas Saint-Gobain escolheu a Bahia para construir a segunda unidade de fabrica\u00e7\u00e3o de drywall da Placo do Brasil. Executivos da empresa, o governador Jaques Wagner, o secret\u00e1rio da Ind\u00fastria e Com\u00e9rcio, James Correia, entre outras autoridades, participaram na tarde desta ter\u00e7a-feira (25) da inaugura\u00e7\u00e3o oficial da unidade fabril no munic\u00edpio de Feira de Santana, a 110 quil\u00f4metros de Salvador. A nova f\u00e1brica disp\u00f5e de equipamentos de \u00faltima gera\u00e7\u00e3o e tem capacidade para produzir mais de 20 milh\u00f5es de metros quadrados de drywall por ano.<\/span><br style=\"color: #222222;\" \/><br style=\"color: #222222;\" \/><span style=\"color: #222222;\"><img loading=\"lazy\" class=\"alignright size-medium wp-image-34825\" src=\"http:\/\/www.blogdothame.blog.br\/v1\/wp-content\/uploads\/2014\/11\/placo-2-300x199.jpg\" alt=\"placo 2\" width=\"300\" height=\"199\" srcset=\"https:\/\/www.blogdothame.blog.br\/v1\/wp-content\/uploads\/2014\/11\/placo-2-300x199.jpg 300w, https:\/\/www.blogdothame.blog.br\/v1\/wp-content\/uploads\/2014\/11\/placo-2-1024x682.jpg 1024w, https:\/\/www.blogdothame.blog.br\/v1\/wp-content\/uploads\/2014\/11\/placo-2.jpg 1124w\" sizes=\"(max-width: 300px) 100vw, 300px\" \/>At\u00e9 o momento, est\u00e3o sendo geradas pela empresa 70 vagas de empregos diretos, priorizando a m\u00e3o de obra local. O grupo Saint-Gobain investiu cerca de 125 milh\u00f5es na constru\u00e7\u00e3o da unidade.\u00a0<\/span><br style=\"color: #222222;\" \/><br style=\"color: #222222;\" \/><span style=\"color: #222222;\">De acordo com o governador Jaques Wagner, a terceira edi\u00e7\u00e3o do programa Minha Casa, Minha Vida dever\u00e1 utilizar, para a constru\u00e7\u00e3o das unidades habitacionais, as placas de drywall. O material substitui o cimento e o tijolo na constru\u00e7\u00e3o civil e \u00e9 muito utilizado em cinemas, por ser eficiente no isolamento ac\u00fastico e no controle da temperatura ambiente. \u201cA Placo do Brasil traz um m\u00e9todo construtivo mais moderno e ecologicamnete correto. Tudo isso \u00e9 agrega\u00e7\u00e3o de valor. Cada multinacional que chega \u00e9 uma forma de nos apresentar aos pr\u00f3ximos investidores estrangeiros que n\u00f3s queremos convidar. Fico feliz em saber que o operariado aqui da regi\u00e3o se apegou \u00e0 oportunidade, que tem dado rendimento e produtividade\u201d. (fotos:Manu Dias\/SecomBA)<\/span><i style=\"color: #222222;\"><br \/>\n<\/i><\/p>\n","protected":false},"excerpt":{"rendered":"<p>O grupo franc\u00eas Saint-Gobain escolheu a Bahia para construir a segunda unidade de fabrica\u00e7\u00e3o de drywall da Placo do Brasil. Executivos da empresa, o governador Jaques Wagner, o secret\u00e1rio da Ind\u00fastria e Com\u00e9rcio, James Correia, entre outras autoridades, participaram na tarde desta ter\u00e7a-feira (25) da inaugura\u00e7\u00e3o oficial da unidade fabril no munic\u00edpio de Feira de [&hellip;]<\/p>\n","protected":false},"author":2,"featured_media":0,"comment_status":"open","ping_status":"open","sticky":false,"template":"","format":"standard","meta":{"_links_to":"","_links_to_target":""},"categories":[1],"tags":[358,59,5391,10754],"_links":{"self":[{"href":"https:\/\/www.blogdothame.blog.br\/v1\/wp-json\/wp\/v2\/posts\/34823"}],"collection":[{"href":"https:\/\/www.blogdothame.blog.br\/v1\/wp-json\/wp\/v2\/posts"}],"about":[{"href":"https:\/\/www.blogdothame.blog.br\/v1\/wp-json\/wp\/v2\/types\/post"}],"author":[{"embeddable":true,"href":"https:\/\/www.blogdothame.blog.br\/v1\/wp-json\/wp\/v2\/users\/2"}],"replies":[{"embeddable":true,"href":"https:\/\/www.blogdothame.blog.br\/v1\/wp-json\/wp\/v2\/comments?post=34823"}],"version-history":[{"count":2,"href":"https:\/\/www.blogdothame.blog.br\/v1\/wp-json\/wp\/v2\/posts\/34823\/revisions"}],"predecessor-version":[{"id":34827,"href":"https:\/\/www.blogdothame.blog.br\/v1\/wp-json\/wp\/v2\/posts\/34823\/revisions\/34827"}],"wp:attachment":[{"href":"https:\/\/www.blogdothame.blog.br\/v1\/wp-json\/wp\/v2\/media?parent=34823"}],"wp:term":[{"taxonomy":"category","embeddable":true,"href":"https:\/\/www.blogdothame.blog.br\/v1\/wp-json\/wp\/v2\/categories?post=34823"},{"taxonomy":"post_tag","embeddable":true,"href":"https:\/\/www.blogdothame.blog.br\/v1\/wp-json\/wp\/v2\/tags?post=34823"}],"curies":[{"name":"wp","href":"https:\/\/api.w.org\/{rel}","templated":true}]}}