{"id":34817,"date":"2014-11-25T15:28:42","date_gmt":"2014-11-25T18:28:42","guid":{"rendered":"http:\/\/www.blogdothame.blog.br\/v1\/?p=34817"},"modified":"2014-11-25T15:28:59","modified_gmt":"2014-11-25T18:28:59","slug":"panelaco-em-ilheus-chama-atencao-para-violencia-contra-a-mulher","status":"publish","type":"post","link":"https:\/\/www.blogdothame.blog.br\/v1\/2014\/11\/25\/panelaco-em-ilheus-chama-atencao-para-violencia-contra-a-mulher\/","title":{"rendered":"Panela\u00e7o em Ilheus chama aten\u00e7\u00e3o para viol\u00eancia contra a mulher"},"content":{"rendered":"<p><img loading=\"lazy\" class=\"alignright size-full wp-image-34818\" src=\"http:\/\/www.blogdothame.blog.br\/v1\/wp-content\/uploads\/2014\/11\/violencia.jpg\" alt=\"violencia\" width=\"300\" height=\"168\" \/>Uma a\u00e7\u00e3o voltada para chamar a aten\u00e7\u00e3o do cidad\u00e3o sobre a import\u00e2ncia do combate \u00e0 viol\u00eancia contra a mulher movimenta Ilh\u00e9us nesta quarta-feira, dia 26. O Servi\u00e7o de Prote\u00e7\u00e3o e Atendimento Especializado \u00e0 Fam\u00edlia e Indiv\u00edduos do Centro de Refer\u00eancia Especializado em Assist\u00eancia Social (Creas-Peafi) e o Centro de Refer\u00eancia em Assist\u00eancia Social (Cras) promovem um Panela\u00e7o nos bairros do Banco da Vit\u00f3ria e da Barra e no sem\u00e1foro do cruzamento entre as avenidas Itabuna e Conselheiro Ant\u00f4nio Francisco Badar\u00f3, no per\u00edodo das 10 \u00e0s 11 horas.<\/p>\n<p>Participam da a\u00e7\u00e3o, usu\u00e1rios dos programas, funcion\u00e1rios e membros da comunidade. Segundo a coordenadora do Creas-Peafi, Quedima Souza, o objetivo da a\u00e7\u00e3o \u00e9 incentivar a popula\u00e7\u00e3o a denunciar casos de agress\u00e3o bem como chamar a aten\u00e7\u00e3o para os dispositivos de prote\u00e7\u00e3o \u00e0 mulher, como a Lei Maria da Penha. \u2013 Nossa a\u00e7\u00e3o \u00e9 para lembrar o Dia Mundial de Combate \u00e0 Viol\u00eancia Contra a Mulher (25 de novembro), estabelecido pela Organiza\u00e7\u00e3o das Na\u00e7\u00f5es Unidas (ONU) \u2013 ressaltou a coordenadora.<\/p>\n<p>O Cras e Creas-Peafi s\u00e3o programas do governo Federal administrados em Ilh\u00e9us pela Secretaria Municipal de Assist\u00eancia Social (SDS). Atrav\u00e9s dos centros, os cidad\u00e3os podem ter acesso a outros servi\u00e7os de aten\u00e7\u00e3o disponibilizados pela secretaria como a inscri\u00e7\u00e3o no Bolsa Fam\u00edlia e no Balc\u00e3o do Emprego, entre outros programas sociais.<\/p>\n","protected":false},"excerpt":{"rendered":"<p>Uma a\u00e7\u00e3o voltada para chamar a aten\u00e7\u00e3o do cidad\u00e3o sobre a import\u00e2ncia do combate \u00e0 viol\u00eancia contra a mulher movimenta Ilh\u00e9us nesta quarta-feira, dia 26. O Servi\u00e7o de Prote\u00e7\u00e3o e Atendimento Especializado \u00e0 Fam\u00edlia e Indiv\u00edduos do Centro de Refer\u00eancia Especializado em Assist\u00eancia Social (Creas-Peafi) e o Centro de Refer\u00eancia em Assist\u00eancia Social (Cras) promovem [&hellip;]<\/p>\n","protected":false},"author":2,"featured_media":0,"comment_status":"open","ping_status":"open","sticky":false,"template":"","format":"standard","meta":{"_links_to":"","_links_to_target":""},"categories":[1],"tags":[51,218,675,359],"_links":{"self":[{"href":"https:\/\/www.blogdothame.blog.br\/v1\/wp-json\/wp\/v2\/posts\/34817"}],"collection":[{"href":"https:\/\/www.blogdothame.blog.br\/v1\/wp-json\/wp\/v2\/posts"}],"about":[{"href":"https:\/\/www.blogdothame.blog.br\/v1\/wp-json\/wp\/v2\/types\/post"}],"author":[{"embeddable":true,"href":"https:\/\/www.blogdothame.blog.br\/v1\/wp-json\/wp\/v2\/users\/2"}],"replies":[{"embeddable":true,"href":"https:\/\/www.blogdothame.blog.br\/v1\/wp-json\/wp\/v2\/comments?post=34817"}],"version-history":[{"count":1,"href":"https:\/\/www.blogdothame.blog.br\/v1\/wp-json\/wp\/v2\/posts\/34817\/revisions"}],"predecessor-version":[{"id":34819,"href":"https:\/\/www.blogdothame.blog.br\/v1\/wp-json\/wp\/v2\/posts\/34817\/revisions\/34819"}],"wp:attachment":[{"href":"https:\/\/www.blogdothame.blog.br\/v1\/wp-json\/wp\/v2\/media?parent=34817"}],"wp:term":[{"taxonomy":"category","embeddable":true,"href":"https:\/\/www.blogdothame.blog.br\/v1\/wp-json\/wp\/v2\/categories?post=34817"},{"taxonomy":"post_tag","embeddable":true,"href":"https:\/\/www.blogdothame.blog.br\/v1\/wp-json\/wp\/v2\/tags?post=34817"}],"curies":[{"name":"wp","href":"https:\/\/api.w.org\/{rel}","templated":true}]}}