{"id":34661,"date":"2014-11-19T09:39:01","date_gmt":"2014-11-19T12:39:01","guid":{"rendered":"http:\/\/www.blogdothame.blog.br\/v1\/?p=34661"},"modified":"2014-11-19T09:39:17","modified_gmt":"2014-11-19T12:39:17","slug":"rede-hoteleira-de-ilheus-se-prepara-para-o-verao-2015","status":"publish","type":"post","link":"https:\/\/www.blogdothame.blog.br\/v1\/2014\/11\/19\/rede-hoteleira-de-ilheus-se-prepara-para-o-verao-2015\/","title":{"rendered":"Rede hoteleira de Ilh\u00e9us se prepara para o ver\u00e3o 2015"},"content":{"rendered":"<p><img loading=\"lazy\" class=\"alignright size-medium wp-image-34662\" src=\"http:\/\/www.blogdothame.blog.br\/v1\/wp-content\/uploads\/2014\/11\/hotel-1-300x200.jpg\" alt=\"hotel 1\" width=\"300\" height=\"200\" srcset=\"https:\/\/www.blogdothame.blog.br\/v1\/wp-content\/uploads\/2014\/11\/hotel-1-300x200.jpg 300w, https:\/\/www.blogdothame.blog.br\/v1\/wp-content\/uploads\/2014\/11\/hotel-1.jpg 946w\" sizes=\"(max-width: 300px) 100vw, 300px\" \/>Com a chegada do ver\u00e3o, em que faz sol praticamente todo o per\u00edodo desde novembro, a Costa do Cacau se torna um dos locais mais visitados do litoral baiano, com praias exuberantes, riquezas culturais e hist\u00f3ricas. Com isso, a rede hoteleira j\u00e1 se prepara para atrair um n\u00famero maior de h\u00f3spedes nesse per\u00edodo.<\/p>\n<p>De acordo com Fl\u00e1vio Lemos (foto), gerente do hotel Aldeia da Praia, em Ilh\u00e9us, \u201co Minist\u00e9rio do Turismo divulgou uma pesquisa que mostra o nordeste como o principal ponto de visita\u00e7\u00e3o de turistas nacionais e internacionais. Precisamos manter os turistas aqui conosco, algo que \u00e9 importante n\u00e3o s\u00f3 para o setor hoteleiro como para todos os setores econ\u00f4micos da regi\u00e3o\u201d, explicou.<\/p>\n<p>Elementos como a boa estrutura dos hot\u00e9is, pre\u00e7os diferenciados, belas praias, op\u00e7\u00f5es de lazer e a qualidade dos servi\u00e7os que s\u00e3o disponibilizados s\u00e3o os diferenciais que ajudam a aumentar a procura nos per\u00edodos de alta temporada. \u201cPara n\u00f3s, o importante \u00e9 que o cliente e sua fam\u00edlia saiam satisfeitos daqui. Por isso, fazemos quest\u00e3o de fazer um trabalho de equipe bem estruturado, fazendo com que eles sintam sempre a vontade de voltar\u201d, destaca Fl\u00e1vio.<\/p>\n<p>Programa\u00e7\u00e3o de R\u00e9veillon<\/p>\n<p><img loading=\"lazy\" class=\"alignleft size-medium wp-image-34663\" src=\"http:\/\/www.blogdothame.blog.br\/v1\/wp-content\/uploads\/2014\/11\/hotel-2-197x300.jpg\" alt=\"hotel 2\" width=\"197\" height=\"300\" srcset=\"https:\/\/www.blogdothame.blog.br\/v1\/wp-content\/uploads\/2014\/11\/hotel-2-197x300.jpg 197w, https:\/\/www.blogdothame.blog.br\/v1\/wp-content\/uploads\/2014\/11\/hotel-2.jpg 492w\" sizes=\"(max-width: 197px) 100vw, 197px\" \/>Para incrementar as atra\u00e7\u00f5es para o fim de ano, diversos hot\u00e9is est\u00e3o promovendo programa\u00e7\u00f5es especiais e promo\u00e7\u00f5es para atrair turistas nesse per\u00edodo. No hotel Praia do Sol, por exemplo, \u00e9 poss\u00edvel encontrar di\u00e1rias com o pre\u00e7o de baixa esta\u00e7\u00e3o at\u00e9 o dia 25 de dezembro, com sa\u00edda no dia 26\/12.<\/p>\n<p>Para Juliana Brand\u00e3o, assistente de marketing do hotel Praia do Sol, a programa\u00e7\u00e3o para a noite de virada est\u00e1 garantida, \u201cPara os h\u00f3spedes, ser\u00e1 preparado um jantar especial no dia 31, al\u00e9m de uma decora\u00e7\u00e3o diferenciada para a ocasi\u00e3o, contando com muita m\u00fasica ao vivo, com voz e viol\u00e3o para proporcionar um clima agrad\u00e1vel para quem busca mais tranquilidade durante as festas de fim de ano\u201d, completa.<\/p>\n<p>Para maiores informa\u00e7\u00f5es, basta entrar em contato atrav\u00e9s dos n\u00fameros (73) 3234-7000 (Praia do Sol) ou (73) 3234-8000 (Aldeia da Praia), ou pelos e-mails reserva@praiadosol.com.br ou reservas@aldeiadapraia.com.br.<\/p>\n","protected":false},"excerpt":{"rendered":"<p>Com a chegada do ver\u00e3o, em que faz sol praticamente todo o per\u00edodo desde novembro, a Costa do Cacau se torna um dos locais mais visitados do litoral baiano, com praias exuberantes, riquezas culturais e hist\u00f3ricas. Com isso, a rede hoteleira j\u00e1 se prepara para atrair um n\u00famero maior de h\u00f3spedes nesse per\u00edodo. De acordo [&hellip;]<\/p>\n","protected":false},"author":2,"featured_media":0,"comment_status":"open","ping_status":"open","sticky":false,"template":"","format":"standard","meta":{"_links_to":"","_links_to_target":""},"categories":[1],"tags":[218,8775,1700],"_links":{"self":[{"href":"https:\/\/www.blogdothame.blog.br\/v1\/wp-json\/wp\/v2\/posts\/34661"}],"collection":[{"href":"https:\/\/www.blogdothame.blog.br\/v1\/wp-json\/wp\/v2\/posts"}],"about":[{"href":"https:\/\/www.blogdothame.blog.br\/v1\/wp-json\/wp\/v2\/types\/post"}],"author":[{"embeddable":true,"href":"https:\/\/www.blogdothame.blog.br\/v1\/wp-json\/wp\/v2\/users\/2"}],"replies":[{"embeddable":true,"href":"https:\/\/www.blogdothame.blog.br\/v1\/wp-json\/wp\/v2\/comments?post=34661"}],"version-history":[{"count":2,"href":"https:\/\/www.blogdothame.blog.br\/v1\/wp-json\/wp\/v2\/posts\/34661\/revisions"}],"predecessor-version":[{"id":34665,"href":"https:\/\/www.blogdothame.blog.br\/v1\/wp-json\/wp\/v2\/posts\/34661\/revisions\/34665"}],"wp:attachment":[{"href":"https:\/\/www.blogdothame.blog.br\/v1\/wp-json\/wp\/v2\/media?parent=34661"}],"wp:term":[{"taxonomy":"category","embeddable":true,"href":"https:\/\/www.blogdothame.blog.br\/v1\/wp-json\/wp\/v2\/categories?post=34661"},{"taxonomy":"post_tag","embeddable":true,"href":"https:\/\/www.blogdothame.blog.br\/v1\/wp-json\/wp\/v2\/tags?post=34661"}],"curies":[{"name":"wp","href":"https:\/\/api.w.org\/{rel}","templated":true}]}}