{"id":341,"date":"2009-06-30T17:57:00","date_gmt":"2009-06-30T20:57:00","guid":{"rendered":"http:\/\/www.blogdothame.blog.br\/v1\/2009\/06\/30\/bandido-bom-e-bandido-morto\/"},"modified":"2009-06-30T17:57:00","modified_gmt":"2009-06-30T20:57:00","slug":"bandido-bom-e-bandido-morto","status":"publish","type":"post","link":"https:\/\/www.blogdothame.blog.br\/v1\/2009\/06\/30\/bandido-bom-e-bandido-morto\/","title":{"rendered":"Bandido bom \u00e9 bandido morto?"},"content":{"rendered":"<p>Para quem j\u00e1 teve o carro roubado, a casa arrombada, o celular levado de assalto, um filho amea\u00e7ado por traficantes ou, pior, um parente ou amigo brutalmente assassinado a resposta para a pergunta acima, que deve causar ojeriza aos defensores dos direitos humanos, \u00e9: sim!<\/p>\n<p> N\u00e3o \u00e9 de se estranhar, portanto,  que em meio ao foguet\u00f3rio junino e \u00e0s comemora\u00e7\u00f5es da suada vit\u00f3ria do Brasil sobre os EUA pela Copa das Confedera\u00e7\u00f5es,  em alguns bairros da periferia de Itabuna a pirotecnia  somou-se a euforia pela elimina\u00e7\u00e3o de alguns bandidos que aterrorizavam moradores, mortos em confronto com a pol\u00edcia.<\/p>\n<p> Deve ser mesmo um al\u00edvio para quem convive com a viol\u00eancia, respeitando a \u201clei do sil\u00eancio\u201d, submetidos a um mal disfar\u00e7ado toque de recolher e reclusos em suas resid\u00eancias enquanto os bandidos transitam e barbarizam livremente; saber que marginais foram eliminados pela pol\u00edcia ou mesmo  tombaram na guerra sangrenta entre eles pr\u00f3prios.<\/p>\n<p> A periferia de Itabuna vive uma guerra sangrenta, potencializada pelo tr\u00e1fico e consumo de drogas (uma coisa est\u00e1 atrelada a outra) e ampliada pela aus\u00eancia dos servi\u00e7os p\u00fablicos, que faz da criminalidade o \u00fanico caminho para dezenas, centenas de jovens.<\/p>\n<p> Uma viol\u00eancia que, at\u00e9 pela necessidade de expans\u00e3o, rompe os limites perif\u00e9ricos e chega ao centro da cidade, na forma de assaltos, arrombamentos e roubos de ve\u00edculos. A cadeia produtiva do crime, que \u00e9 se que pode chamar assim, n\u00e3o obedece a  limites sociais ou geogr\u00e1ficos. <\/p>\n<p> Est\u00e1 em todas as partes. Aterroriza a todos, sem distin\u00e7\u00e3o. <br \/> A morte em s\u00e9rie de marginais, como ocorreu neste final de semana em Itabuna, com cinco homic\u00eddios ligados aparentemente ao mundo do crime, passa a sensa\u00e7\u00e3o de que a pol\u00edcia est\u00e1 agindo com o necess\u00e1rio rigor e que tem que ser assim mesmo. Refor\u00e7a-se aqui a tese do \u201cbandido bom \u00e9 bandido morto\u201d.<\/p>\n<p> Quando a viol\u00eancia excede todos os n\u00edveis do suport\u00e1vel, n\u00e3o se pode esperar mesmo que a policia trate com afagos e salamaleques bandidos que n\u00e3o hesitam em matar. <\/p>\n<p> Mas, a  quest\u00e3o n\u00e3o \u00e9 t\u00e3o simpl\u00f3ria assim, como se matando em larga escala resolvesse o problema da viol\u00eancia. Est\u00e1 mais do que provado que n\u00e3o resolve. Viol\u00eancia gera viol\u00eancia, que gera mais viol\u00eancia, que gera ainda mais viol\u00eancia, num moto continuo banhando em sangue e dor.<\/p>\n<p> Melhor seria se tiv\u00e9ssemos um sistema de seguran\u00e7a p\u00fablica que efetivamente garantisse a seguran\u00e7a da popula\u00e7\u00e3o, com preven\u00e7\u00e3o no lugar de repress\u00e3o.<\/p>\n<p> Melhor ainda seria se crian\u00e7as, adolescentes e jovens tivessem acesso \u00e0 educa\u00e7\u00e3o, esporte e  trabalho, oferecendo outra oportunidade de vida.<\/p>\n<p> Em suma, matar a viol\u00eancia no gene, para depois n\u00e3o ter que matar gente. <\/p>\n<p> Ningu\u00e9m nasce bandido. E, \u00e9 for\u00e7oso dizer, que muitos descambam para a criminalidade por conta de bandidos de alto calibre, que saqueiam os cofres p\u00fablicos e desviam recursos que seriam destinados a quem precisa.<\/p>\n<p>        A resposta (ou a aus\u00eancia dela)  para a pergunta que abre esse texto talvez esteja na foto abaixo, de autoria de Oziel Arag\u00e3o, publicada no Di\u00e1rio da Bahia.<\/p>\n<p><a href=\"http:\/\/3.bp.blogspot.com\/_BSCeP9r5uD8\/Skp8up9UWUI\/AAAAAAAAAjs\/OBVb0Pewxqo\/s1600-h\/pai+chora+a+morte+de+filho+DSul.jpg\"><img style=\"display:block; margin:0px auto 10px; text-align:center;cursor:pointer; cursor:hand;width: 320px; height: 240px;\" src=\"http:\/\/3.bp.blogspot.com\/_BSCeP9r5uD8\/Skp8up9UWUI\/AAAAAAAAAjs\/OBVb0Pewxqo\/s320\/pai+chora+a+morte+de+filho+DSul.jpg\" border=\"0\" alt=\"\"id=\"BLOGGER_PHOTO_ID_5353228248062122306\" \/><\/a><\/p>\n<p> A dor de um pai que chora diante da morte inevit\u00e1vel do filho, algoz e vitima dessa viol\u00eancia insana, fala mais do que mil palavras.<\/p>\n<p>        \u00c9 a dor de todos aqueles que ainda acreditam (ou sonham?) com uma cidade menos violenta e onde n\u00e3o seja necess\u00e1rio chorar tantas e tantas mortes, sejam  as v\u00edtimas anjos ou dem\u00f4nios.<\/p>\n","protected":false},"excerpt":{"rendered":"<p>Para quem j\u00e1 teve o carro roubado, a casa arrombada, o celular levado de assalto, um filho amea\u00e7ado por traficantes ou, pior, um parente ou amigo brutalmente assassinado a resposta para a pergunta acima, que deve causar ojeriza aos defensores dos direitos humanos, \u00e9: sim! N\u00e3o \u00e9 de se estranhar, portanto, que em meio ao [&hellip;]<\/p>\n","protected":false},"author":1,"featured_media":0,"comment_status":"open","ping_status":"open","sticky":false,"template":"","format":"standard","meta":{"_links_to":"","_links_to_target":""},"categories":[1],"tags":[],"_links":{"self":[{"href":"https:\/\/www.blogdothame.blog.br\/v1\/wp-json\/wp\/v2\/posts\/341"}],"collection":[{"href":"https:\/\/www.blogdothame.blog.br\/v1\/wp-json\/wp\/v2\/posts"}],"about":[{"href":"https:\/\/www.blogdothame.blog.br\/v1\/wp-json\/wp\/v2\/types\/post"}],"author":[{"embeddable":true,"href":"https:\/\/www.blogdothame.blog.br\/v1\/wp-json\/wp\/v2\/users\/1"}],"replies":[{"embeddable":true,"href":"https:\/\/www.blogdothame.blog.br\/v1\/wp-json\/wp\/v2\/comments?post=341"}],"version-history":[{"count":0,"href":"https:\/\/www.blogdothame.blog.br\/v1\/wp-json\/wp\/v2\/posts\/341\/revisions"}],"wp:attachment":[{"href":"https:\/\/www.blogdothame.blog.br\/v1\/wp-json\/wp\/v2\/media?parent=341"}],"wp:term":[{"taxonomy":"category","embeddable":true,"href":"https:\/\/www.blogdothame.blog.br\/v1\/wp-json\/wp\/v2\/categories?post=341"},{"taxonomy":"post_tag","embeddable":true,"href":"https:\/\/www.blogdothame.blog.br\/v1\/wp-json\/wp\/v2\/tags?post=341"}],"curies":[{"name":"wp","href":"https:\/\/api.w.org\/{rel}","templated":true}]}}