{"id":33875,"date":"2014-10-18T10:11:46","date_gmt":"2014-10-18T13:11:46","guid":{"rendered":"http:\/\/www.blogdothame.blog.br\/v1\/?p=33875"},"modified":"2014-10-18T10:13:21","modified_gmt":"2014-10-18T13:13:21","slug":"rui-costa-quer-consolidar-a-regiao-metropolitana-ilheusitabuna","status":"publish","type":"post","link":"https:\/\/www.blogdothame.blog.br\/v1\/2014\/10\/18\/rui-costa-quer-consolidar-a-regiao-metropolitana-ilheusitabuna\/","title":{"rendered":"Rui Costa quer consolidar a Regi\u00e3o Metropolitana Ilh\u00e9us\/Itabuna"},"content":{"rendered":"<p><em>Em caminhada pela Av. Cinq\u00fcenten\u00e1rio, o novo governador da Bahia agradeceu \u00a0a confian\u00e7a da popula\u00e7\u00e3o e pediu que o Sul amplie a vit\u00f3ria de Dilma no 2\u00ba turno<\/em><\/p>\n<p><img loading=\"lazy\" class=\"aligncenter size-medium wp-image-33876\" src=\"http:\/\/www.blogdothame.blog.br\/v1\/wp-content\/uploads\/2014\/10\/rui-povo-itabuna-300x199.jpg\" alt=\"rui povo itabuna\" width=\"300\" height=\"199\" srcset=\"https:\/\/www.blogdothame.blog.br\/v1\/wp-content\/uploads\/2014\/10\/rui-povo-itabuna-300x199.jpg 300w, https:\/\/www.blogdothame.blog.br\/v1\/wp-content\/uploads\/2014\/10\/rui-povo-itabuna-1024x681.jpg 1024w, https:\/\/www.blogdothame.blog.br\/v1\/wp-content\/uploads\/2014\/10\/rui-povo-itabuna.jpg 1280w\" sizes=\"(max-width: 300px) 100vw, 300px\" \/><\/p>\n<p>O governador eleito Rui Costa (PT) foi recebido com festa no Sul da Bahia nesta sexta-feira (17), quando centenas de pessoas caminharam ao seu lado, defendendo a reelei\u00e7\u00e3o de Dilma Rousseff (PT) para a presid\u00eancia do pa\u00eds. A Avenida Cinquenten\u00e1rio, em Itabuna, ficou tomada por bandeiras vermelhas.<\/p>\n<p>&nbsp;<\/p>\n<p>Rui afirmou que os projetos estruturantes que v\u00e3o levantar a autoestima da regi\u00e3o j\u00e1 contam com a forte parceria da presidente Dilma. &#8220;Vamos consolidar a Regi\u00e3o Metropolitana Ilh\u00e9us\/Itabuna. Aqui ser\u00e1 um polo log\u00edstico destaque para todo o pa\u00eds&#8221;, disse ao listar as obras asseguradas e em andamento.<\/p>\n<p>&nbsp;<\/p>\n<p><img loading=\"lazy\" class=\"alignleft size-medium wp-image-33877\" src=\"http:\/\/www.blogdothame.blog.br\/v1\/wp-content\/uploads\/2014\/10\/caminhada-Rui-300x300.jpg\" alt=\"caminhada Rui\" width=\"300\" height=\"300\" srcset=\"https:\/\/www.blogdothame.blog.br\/v1\/wp-content\/uploads\/2014\/10\/caminhada-Rui-300x300.jpg 300w, https:\/\/www.blogdothame.blog.br\/v1\/wp-content\/uploads\/2014\/10\/caminhada-Rui-150x150.jpg 150w, https:\/\/www.blogdothame.blog.br\/v1\/wp-content\/uploads\/2014\/10\/caminhada-Rui.jpg 640w\" sizes=\"(max-width: 300px) 100vw, 300px\" \/>O Porto Sul, a Ferrovia Oeste Leste, a duplica\u00e7\u00e3o das BR&#8217;s 415 e 101\u00a0foram alguns dos projetos citados e a maioria<\/p>\n<p>conta com investimentos federais. Rui adiantou que nos pr\u00f3ximos dias vai sair o edital do aeroporto regional, que ser\u00e1 constru\u00eddo por meio de Parceria P\u00fablico-Privada (PPP), completando o plano log\u00edstico para a regi\u00e3o.<\/p>\n<p>&nbsp;<\/p>\n<p>Ao destacar a \u00e1rea da sa\u00fade, o governador eleito frisou que o novo hospital do Sul do estado ter\u00e1 obras iniciadas ainda em 2014. &#8220;Com o hospital do Cacau em funcionamento, vamos transformar o atual numa maternidade e desafogar os hospitais regionais&#8221;.<\/p>\n<p>&nbsp;<\/p>\n<p><img loading=\"lazy\" class=\"alignright size-medium wp-image-33879\" src=\"http:\/\/www.blogdothame.blog.br\/v1\/wp-content\/uploads\/2014\/10\/coletiva2-300x224.jpg\" alt=\"coletiva2\" width=\"300\" height=\"224\" srcset=\"https:\/\/www.blogdothame.blog.br\/v1\/wp-content\/uploads\/2014\/10\/coletiva2-300x224.jpg 300w, https:\/\/www.blogdothame.blog.br\/v1\/wp-content\/uploads\/2014\/10\/coletiva2.jpg 640w\" sizes=\"(max-width: 300px) 100vw, 300px\" \/>Conforme Rui Costa, o Sul da Bahia nunca recebeu tamanho investimento, sendo &#8220;este o maior volume que a regi\u00e3o recepciona na sua hist\u00f3ria, que ficar\u00e1 marcada com mais oportunidades, mais empregos e mais prosperidade&#8221;.<\/p>\n<p>&nbsp;<\/p>\n<p>NO Sul da Bahia, Dilma Rousseff obteve a maior parte dos votos e a estrat\u00e9gia de ampliar o percentual contou com a ades\u00e3o da senadora L\u00eddice da Mata (PSB), que durante toda essa sexta-feira acompanhou o novo governador da Bahia nas agendas. Eles iniciaram o dia com um caf\u00e9 da manh\u00e3 com 300 pastores de igrejas evang\u00e9licas, em Ilh\u00e9us.<\/p>\n<p>&nbsp;<\/p>\n","protected":false},"excerpt":{"rendered":"<p>Em caminhada pela Av. Cinq\u00fcenten\u00e1rio, o novo governador da Bahia agradeceu \u00a0a confian\u00e7a da popula\u00e7\u00e3o e pediu que o Sul amplie a vit\u00f3ria de Dilma no 2\u00ba turno O governador eleito Rui Costa (PT) foi recebido com festa no Sul da Bahia nesta sexta-feira (17), quando centenas de pessoas caminharam ao seu lado, defendendo a [&hellip;]<\/p>\n","protected":false},"author":2,"featured_media":0,"comment_status":"open","ping_status":"open","sticky":false,"template":"","format":"standard","meta":{"_links_to":"","_links_to_target":""},"categories":[1],"tags":[361,218,39,615],"_links":{"self":[{"href":"https:\/\/www.blogdothame.blog.br\/v1\/wp-json\/wp\/v2\/posts\/33875"}],"collection":[{"href":"https:\/\/www.blogdothame.blog.br\/v1\/wp-json\/wp\/v2\/posts"}],"about":[{"href":"https:\/\/www.blogdothame.blog.br\/v1\/wp-json\/wp\/v2\/types\/post"}],"author":[{"embeddable":true,"href":"https:\/\/www.blogdothame.blog.br\/v1\/wp-json\/wp\/v2\/users\/2"}],"replies":[{"embeddable":true,"href":"https:\/\/www.blogdothame.blog.br\/v1\/wp-json\/wp\/v2\/comments?post=33875"}],"version-history":[{"count":2,"href":"https:\/\/www.blogdothame.blog.br\/v1\/wp-json\/wp\/v2\/posts\/33875\/revisions"}],"predecessor-version":[{"id":33880,"href":"https:\/\/www.blogdothame.blog.br\/v1\/wp-json\/wp\/v2\/posts\/33875\/revisions\/33880"}],"wp:attachment":[{"href":"https:\/\/www.blogdothame.blog.br\/v1\/wp-json\/wp\/v2\/media?parent=33875"}],"wp:term":[{"taxonomy":"category","embeddable":true,"href":"https:\/\/www.blogdothame.blog.br\/v1\/wp-json\/wp\/v2\/categories?post=33875"},{"taxonomy":"post_tag","embeddable":true,"href":"https:\/\/www.blogdothame.blog.br\/v1\/wp-json\/wp\/v2\/tags?post=33875"}],"curies":[{"name":"wp","href":"https:\/\/api.w.org\/{rel}","templated":true}]}}