{"id":33756,"date":"2014-10-13T17:23:35","date_gmt":"2014-10-13T20:23:35","guid":{"rendered":"http:\/\/www.blogdothame.blog.br\/v1\/?p=33756"},"modified":"2014-10-13T17:23:35","modified_gmt":"2014-10-13T20:23:35","slug":"pt-baiano-debate-estrategia-de-campanha-de-dilma","status":"publish","type":"post","link":"https:\/\/www.blogdothame.blog.br\/v1\/2014\/10\/13\/pt-baiano-debate-estrategia-de-campanha-de-dilma\/","title":{"rendered":"PT baiano debate estrat\u00e9gia de campanha de Dilma"},"content":{"rendered":"<p><strong>\u00a0<img loading=\"lazy\" class=\"aligncenter size-medium wp-image-33757\" src=\"http:\/\/www.blogdothame.blog.br\/v1\/wp-content\/uploads\/2014\/10\/PT-1-300x224.jpg\" alt=\"PT 1\" width=\"300\" height=\"224\" srcset=\"https:\/\/www.blogdothame.blog.br\/v1\/wp-content\/uploads\/2014\/10\/PT-1-300x224.jpg 300w, https:\/\/www.blogdothame.blog.br\/v1\/wp-content\/uploads\/2014\/10\/PT-1.jpg 999w\" sizes=\"(max-width: 300px) 100vw, 300px\" \/><\/strong><\/p>\n<p>A estrat\u00e9gia da campanha de Dilma no segundo turno na Bahia foi discutida hoje (13), no hotel S\u00e3o Salvador, na capital, em reuni\u00e3o articulada pelo presidente do partido e coordenador da campanha no estado, Everaldo Anuncia\u00e7\u00e3o.<\/p>\n<p>Participaram do encontro os eleitos Rui Costa (governador) Jo\u00e3o Le\u00e3o (vice-governador) e Otto Alencar (senador). Tamb\u00e9m presentes o presidente da Assembleia Legislativa, Marcelo Nilo, os presidentes dos partidos aliados, deputados, prefeitos e lideran\u00e7as.<\/p>\n<p><img loading=\"lazy\" class=\"alignleft size-medium wp-image-33758\" src=\"http:\/\/www.blogdothame.blog.br\/v1\/wp-content\/uploads\/2014\/10\/PT-2-300x224.jpg\" alt=\"PT 2\" width=\"300\" height=\"224\" srcset=\"https:\/\/www.blogdothame.blog.br\/v1\/wp-content\/uploads\/2014\/10\/PT-2-300x224.jpg 300w, https:\/\/www.blogdothame.blog.br\/v1\/wp-content\/uploads\/2014\/10\/PT-2.jpg 999w\" sizes=\"(max-width: 300px) 100vw, 300px\" \/>Everaldo abriu a reuni\u00e3o agradecendo o empenho da milit\u00e2ncia e dirigentes do PT e coligados. Ele destacou o Programa de Governo Participativo (PGP), elaborado com a opini\u00e3o do povo dos munic\u00edpios. Ele disse que todos est\u00e3o motivados para ampliar a quantidade de votos para Dilma, contribuindo para sua reelei\u00e7\u00e3o.<\/p>\n<p>Rui Costa disse que vai retornar a alguns munic\u00edpios para agradecer e pedir votos, \u201cat\u00e9 mesmo daqueles que n\u00e3o votaram em Dilma no primeiro turno.\u201d. Ele entende que com a vit\u00f3ria do PT no estado \u00e9 necess\u00e1rio falar sobre a import\u00e2ncia de um governo federal alinhado, \u201cque pode muito ajudar a Bahia.\u201d.<\/p>\n<p>Na opini\u00e3o de Rui \u201cas compara\u00e7\u00f5es entre os governos Dilma e Lula e os anteriores s\u00e3o os nossos carros chefes.\u201d. \u00a0Ele diz que \u201cos n\u00fameros mostram que fizemos muito mais e a maioria da popula\u00e7\u00e3o entendeu isto.\u201d.<\/p>\n<p>Jo\u00e3o Le\u00e3o tamb\u00e9m destacou os avan\u00e7os do governo Dilma em todas as \u00e1reas e falou \u201cque nenhum fez tanto pela Bahia.\u201d. \u00a0Nesta mesma linha, Otto Alencar complementa afirmando que \u00e9 s\u00f3 mostrar o que foi feito e comparar que venceremos a elei\u00e7\u00e3o.<\/p>\n","protected":false},"excerpt":{"rendered":"<p>\u00a0 A estrat\u00e9gia da campanha de Dilma no segundo turno na Bahia foi discutida hoje (13), no hotel S\u00e3o Salvador, na capital, em reuni\u00e3o articulada pelo presidente do partido e coordenador da campanha no estado, Everaldo Anuncia\u00e7\u00e3o. Participaram do encontro os eleitos Rui Costa (governador) Jo\u00e3o Le\u00e3o (vice-governador) e Otto Alencar (senador). Tamb\u00e9m presentes o [&hellip;]<\/p>\n","protected":false},"author":2,"featured_media":0,"comment_status":"open","ping_status":"open","sticky":false,"template":"","format":"standard","meta":{"_links_to":"","_links_to_target":""},"categories":[1],"tags":[51,361,7166,315,615,10494],"_links":{"self":[{"href":"https:\/\/www.blogdothame.blog.br\/v1\/wp-json\/wp\/v2\/posts\/33756"}],"collection":[{"href":"https:\/\/www.blogdothame.blog.br\/v1\/wp-json\/wp\/v2\/posts"}],"about":[{"href":"https:\/\/www.blogdothame.blog.br\/v1\/wp-json\/wp\/v2\/types\/post"}],"author":[{"embeddable":true,"href":"https:\/\/www.blogdothame.blog.br\/v1\/wp-json\/wp\/v2\/users\/2"}],"replies":[{"embeddable":true,"href":"https:\/\/www.blogdothame.blog.br\/v1\/wp-json\/wp\/v2\/comments?post=33756"}],"version-history":[{"count":1,"href":"https:\/\/www.blogdothame.blog.br\/v1\/wp-json\/wp\/v2\/posts\/33756\/revisions"}],"predecessor-version":[{"id":33759,"href":"https:\/\/www.blogdothame.blog.br\/v1\/wp-json\/wp\/v2\/posts\/33756\/revisions\/33759"}],"wp:attachment":[{"href":"https:\/\/www.blogdothame.blog.br\/v1\/wp-json\/wp\/v2\/media?parent=33756"}],"wp:term":[{"taxonomy":"category","embeddable":true,"href":"https:\/\/www.blogdothame.blog.br\/v1\/wp-json\/wp\/v2\/categories?post=33756"},{"taxonomy":"post_tag","embeddable":true,"href":"https:\/\/www.blogdothame.blog.br\/v1\/wp-json\/wp\/v2\/tags?post=33756"}],"curies":[{"name":"wp","href":"https:\/\/api.w.org\/{rel}","templated":true}]}}