{"id":33749,"date":"2014-10-13T20:20:40","date_gmt":"2014-10-13T23:20:40","guid":{"rendered":"http:\/\/www.blogdothame.blog.br\/v1\/?p=33749"},"modified":"2014-10-13T15:23:39","modified_gmt":"2014-10-13T18:23:39","slug":"evento-internacional-de-endodontia-contara-com-profissional-de-ilheus","status":"publish","type":"post","link":"https:\/\/www.blogdothame.blog.br\/v1\/2014\/10\/13\/evento-internacional-de-endodontia-contara-com-profissional-de-ilheus\/","title":{"rendered":"Evento internacional de Endodontia contar\u00e1 com profissional de Ilh\u00e9us"},"content":{"rendered":"<p>&nbsp;<\/p>\n<p><img loading=\"lazy\" class=\"alignleft size-medium wp-image-33750\" src=\"http:\/\/www.blogdothame.blog.br\/v1\/wp-content\/uploads\/2014\/10\/endo-224x300.jpg\" alt=\"endo\" width=\"224\" height=\"300\" srcset=\"https:\/\/www.blogdothame.blog.br\/v1\/wp-content\/uploads\/2014\/10\/endo-224x300.jpg 224w, https:\/\/www.blogdothame.blog.br\/v1\/wp-content\/uploads\/2014\/10\/endo.jpg 300w\" sizes=\"(max-width: 224px) 100vw, 224px\" \/>O Dr. Gustavo Moreira de Almeida \u00a0diretor e coordenador do curso de Especializa\u00e7\u00e3o em Endodontia no Centro de Odontologia Avan\u00e7ada (COA), em Ilh\u00e9us, ser\u00e1 o representante da regi\u00e3o no Congresso Internacional da Sociedade Brasileira de Odontologia<em>,<\/em> considerado um dos mais bem conceituados na \u00e1rea odontol\u00f3gica, que acontecer\u00e1 entre os dias 20 e 22 de novembro, em S\u00e3o Paulo.<\/p>\n<p>&nbsp;<\/p>\n<p>\u201cA minha participa\u00e7\u00e3o ser\u00e1 como membro (professor) em uma mesa redonda, onde ser\u00e3o discutidos v\u00e1rios temas atuais da endodontia\u201d, comenta Gustavo (foto). Al\u00e9m disso, a participa\u00e7\u00e3o de outros profissionais tamb\u00e9m \u00e9 de grande import\u00e2ncia, j\u00e1 que no mesmo evento haver\u00e1 uma profunda atualiza\u00e7\u00e3o dentro dos temas mais relevantes da Endodontia atual, como tamb\u00e9m do futuro. Para ele, a import\u00e2ncia do evento para a \u00e1rea odontol\u00f3gica \u00e9 a integra\u00e7\u00e3o dos especialistas. \u201cIremos discutir o futuro e o presente da especialidade, assim como o aprimoramento t\u00e9cnico cient\u00edfico, que se mostra cada vez mais importante na \u00e1rea\u201d, acrescenta.<\/p>\n<p>&nbsp;<\/p>\n<p>Uma das principais expectativas para o Dr. Gustavo na sua participa\u00e7\u00e3o do congresso vem com a chance de voltar os olhos para a cidade de Ilh\u00e9us. \u201cH\u00e1 uma boa possibilidade de proje\u00e7\u00e3o internacional da cidade de Ilh\u00e9us pela ABO e COA, com participa\u00e7\u00e3o efetiva para mais de mil pessoas\u201d, finaliza.<\/p>\n<p>&nbsp;<\/p>\n<p>Para maiores informa\u00e7\u00f5es, basta acessar o site do evento\u00a0<a href=\"http:\/\/www.sbendo.com.br\/\">www.sbendo.com.br<\/a>\u00a0ou entrar em contato com o Centro de Odontologia Avan\u00e7ada, atrav\u00e9s do n\u00famero\u00a0<a href=\"tel:%2873%29%203231-7964\">(73) 3231-7964<\/a>, ou pelo site:\u00a0<a href=\"http:\/\/www.abo-ilheuscoa.com.br\/\">www.abo-ilheuscoa.com.br<\/a>.<\/p>\n","protected":false},"excerpt":{"rendered":"<p>&nbsp; O Dr. Gustavo Moreira de Almeida \u00a0diretor e coordenador do curso de Especializa\u00e7\u00e3o em Endodontia no Centro de Odontologia Avan\u00e7ada (COA), em Ilh\u00e9us, ser\u00e1 o representante da regi\u00e3o no Congresso Internacional da Sociedade Brasileira de Odontologia, considerado um dos mais bem conceituados na \u00e1rea odontol\u00f3gica, que acontecer\u00e1 entre os dias 20 e 22 de [&hellip;]<\/p>\n","protected":false},"author":2,"featured_media":0,"comment_status":"open","ping_status":"open","sticky":false,"template":"","format":"standard","meta":{"_links_to":"","_links_to_target":""},"categories":[1],"tags":[10492,9695,218,161],"_links":{"self":[{"href":"https:\/\/www.blogdothame.blog.br\/v1\/wp-json\/wp\/v2\/posts\/33749"}],"collection":[{"href":"https:\/\/www.blogdothame.blog.br\/v1\/wp-json\/wp\/v2\/posts"}],"about":[{"href":"https:\/\/www.blogdothame.blog.br\/v1\/wp-json\/wp\/v2\/types\/post"}],"author":[{"embeddable":true,"href":"https:\/\/www.blogdothame.blog.br\/v1\/wp-json\/wp\/v2\/users\/2"}],"replies":[{"embeddable":true,"href":"https:\/\/www.blogdothame.blog.br\/v1\/wp-json\/wp\/v2\/comments?post=33749"}],"version-history":[{"count":1,"href":"https:\/\/www.blogdothame.blog.br\/v1\/wp-json\/wp\/v2\/posts\/33749\/revisions"}],"predecessor-version":[{"id":33751,"href":"https:\/\/www.blogdothame.blog.br\/v1\/wp-json\/wp\/v2\/posts\/33749\/revisions\/33751"}],"wp:attachment":[{"href":"https:\/\/www.blogdothame.blog.br\/v1\/wp-json\/wp\/v2\/media?parent=33749"}],"wp:term":[{"taxonomy":"category","embeddable":true,"href":"https:\/\/www.blogdothame.blog.br\/v1\/wp-json\/wp\/v2\/categories?post=33749"},{"taxonomy":"post_tag","embeddable":true,"href":"https:\/\/www.blogdothame.blog.br\/v1\/wp-json\/wp\/v2\/tags?post=33749"}],"curies":[{"name":"wp","href":"https:\/\/api.w.org\/{rel}","templated":true}]}}