{"id":33647,"date":"2014-10-07T17:43:45","date_gmt":"2014-10-07T20:43:45","guid":{"rendered":"http:\/\/www.blogdothame.blog.br\/v1\/?p=33647"},"modified":"2014-10-07T11:45:50","modified_gmt":"2014-10-07T14:45:50","slug":"uesc-sedia-encontro-de-pro-reitores-de-extensao","status":"publish","type":"post","link":"https:\/\/www.blogdothame.blog.br\/v1\/2014\/10\/07\/uesc-sedia-encontro-de-pro-reitores-de-extensao\/","title":{"rendered":"Uesc sedia encontro de pr\u00f3-reitores de extens\u00e3o"},"content":{"rendered":"<p><em><\/em><strong>\u00a0<\/strong><\/p>\n<p>A Universidade Estadual de Santa Cruz &#8211; UESC, realiza o\u00a0XLIII Encontro de Pr\u00f3-Reitores de Extens\u00e3o das Institui\u00e7\u00f5es P\u00fablicas de Ensino Superior da Regional Nordeste. O evento ser\u00e1 aberto na noite desta quarta-feira(8), \u00e0s 19 horas, no audit\u00f3rio do Centro de Arte e Cultura da Universidade, com a palestra do\u00a0Prof. Dr. M\u00e1rcio Campos (UEFS), abordando &#8220;A expans\u00e3o da extens\u00e3o universit\u00e1ria: desafios e possibilidades&#8221; que \u00e9 o tema central do Encontro.<\/p>\n<p>O XLIII FORPROEX \u2013 NE, \u00e9 promovido, al\u00e9m da UESC, pela Universidade do Estado da Bahia, UNEB; Universidade Estadual do Sudoeste da Bahia, UESB; Universidade Estadual de Feira de Santana, UEFS; Universidade Federal da Bahia, UFBA e Universidade Federal do Rec\u00f4ncavo da Bahia, UFRB, com o apoio do Governo da Bahia, da Bahiag\u00e1s e da Caixa Econ\u00f4mica. O evento prossegue na quinta(9) e sexta-feira(10) no sal\u00e3o de conven\u00e7\u00f5es do Hotel Jardim Atl\u00e2ntico Beach Resort.<\/p>\n<p>&#8220;O F\u00f3rum tem o objetivo de levantar propostas voltadas para as quest\u00f5es mais pr\u00f3ximas das realidades locais que desafiam a extens\u00e3o universit\u00e1ria e\u00a0articular pol\u00edticas acad\u00eamicas de extens\u00e3o destinadas \u00e0 conex\u00e3o dos saberes populares e dos saberes acad\u00eamicos, na perspectiva de transforma\u00e7\u00f5es sociais que fortale\u00e7am a democracia,&#8221; assinala o pro-reitor de Extens\u00e3o da UESC, Alessandro Fernandes Santana.<\/p>\n<p>Durante os tr\u00eas dias, ser\u00e3o realizadas confer\u00eancias, mesas redondas, palestras e relatos de experi\u00eancia.\u00c0s\u00a008h30min de quarta-feira(9) os trabalhos ser\u00e3o abertos pela Profa.Dra. Ad\u00e9lia Pinheiro &#8211; Reitora da UESC e Presidente da ABRUEM\u00a0 com uma Roda de Conversa\u00a0abordando &#8220;Curriculariza\u00e7\u00e3o da Extens\u00e3o. Na parte da tarde,\u00a0 ser\u00e3o discutidos \u00a0Financiamento e Execu\u00e7\u00e3o Financeira dos Projetos de Extens\u00e3o e \u00a0Interc\u00e2mbio Regional e Cons\u00f3rcio entre as IES.\u00a0Sexta-feira(10), os trabalhos ser\u00e3o retomados com os temasPromo\u00e7\u00e3o de Programas e Projetos de Extens\u00e3o e Intera\u00e7\u00e3o com a Sociedade\u00a0e &#8220;A Regi\u00e3o Nordeste e seus Desafios&#8221;. O encerramento est\u00e1 previsto para \u00e0s 20 horas.<\/p>\n","protected":false},"excerpt":{"rendered":"<p>\u00a0 A Universidade Estadual de Santa Cruz &#8211; UESC, realiza o\u00a0XLIII Encontro de Pr\u00f3-Reitores de Extens\u00e3o das Institui\u00e7\u00f5es P\u00fablicas de Ensino Superior da Regional Nordeste. O evento ser\u00e1 aberto na noite desta quarta-feira(8), \u00e0s 19 horas, no audit\u00f3rio do Centro de Arte e Cultura da Universidade, com a palestra do\u00a0Prof. Dr. M\u00e1rcio Campos (UEFS), abordando [&hellip;]<\/p>\n","protected":false},"author":2,"featured_media":0,"comment_status":"open","ping_status":"open","sticky":false,"template":"","format":"standard","meta":{"_links_to":"","_links_to_target":""},"categories":[1],"tags":[10463,1296],"_links":{"self":[{"href":"https:\/\/www.blogdothame.blog.br\/v1\/wp-json\/wp\/v2\/posts\/33647"}],"collection":[{"href":"https:\/\/www.blogdothame.blog.br\/v1\/wp-json\/wp\/v2\/posts"}],"about":[{"href":"https:\/\/www.blogdothame.blog.br\/v1\/wp-json\/wp\/v2\/types\/post"}],"author":[{"embeddable":true,"href":"https:\/\/www.blogdothame.blog.br\/v1\/wp-json\/wp\/v2\/users\/2"}],"replies":[{"embeddable":true,"href":"https:\/\/www.blogdothame.blog.br\/v1\/wp-json\/wp\/v2\/comments?post=33647"}],"version-history":[{"count":1,"href":"https:\/\/www.blogdothame.blog.br\/v1\/wp-json\/wp\/v2\/posts\/33647\/revisions"}],"predecessor-version":[{"id":33648,"href":"https:\/\/www.blogdothame.blog.br\/v1\/wp-json\/wp\/v2\/posts\/33647\/revisions\/33648"}],"wp:attachment":[{"href":"https:\/\/www.blogdothame.blog.br\/v1\/wp-json\/wp\/v2\/media?parent=33647"}],"wp:term":[{"taxonomy":"category","embeddable":true,"href":"https:\/\/www.blogdothame.blog.br\/v1\/wp-json\/wp\/v2\/categories?post=33647"},{"taxonomy":"post_tag","embeddable":true,"href":"https:\/\/www.blogdothame.blog.br\/v1\/wp-json\/wp\/v2\/tags?post=33647"}],"curies":[{"name":"wp","href":"https:\/\/api.w.org\/{rel}","templated":true}]}}