{"id":32644,"date":"2014-09-02T14:42:40","date_gmt":"2014-09-02T17:42:40","guid":{"rendered":"http:\/\/www.blogdothame.blog.br\/v1\/?p=32644"},"modified":"2014-09-02T16:02:16","modified_gmt":"2014-09-02T19:02:16","slug":"so-dilma-e-rui-sao-a-garantia-da-construcao-da-fiol-e-do-porto-sul-diz-geraldo-simoes","status":"publish","type":"post","link":"https:\/\/www.blogdothame.blog.br\/v1\/2014\/09\/02\/so-dilma-e-rui-sao-a-garantia-da-construcao-da-fiol-e-do-porto-sul-diz-geraldo-simoes\/","title":{"rendered":"\u201cS\u00f3 Dilma e Rui s\u00e3o a garantia da constru\u00e7\u00e3o da Fiol e do Porto Sul\u201d, diz Geraldo Sim\u00f5es"},"content":{"rendered":"<p><img loading=\"lazy\" class=\"aligncenter size-medium wp-image-32645\" src=\"http:\/\/www.blogdothame.blog.br\/v1\/wp-content\/uploads\/2014\/09\/ilustra\u00e7\u00e3o-porto-sul-300x188.jpg\" alt=\"ilustra\u00e7\u00e3o porto sul\" width=\"300\" height=\"188\" srcset=\"https:\/\/www.blogdothame.blog.br\/v1\/wp-content\/uploads\/2014\/09\/ilustra\u00e7\u00e3o-porto-sul-300x188.jpg 300w, https:\/\/www.blogdothame.blog.br\/v1\/wp-content\/uploads\/2014\/09\/ilustra\u00e7\u00e3o-porto-sul.jpg 737w\" sizes=\"(max-width: 300px) 100vw, 300px\" \/><\/p>\n<p>\u201cA reelei\u00e7\u00e3o da presidente Dilma e a elei\u00e7\u00e3o de Rui Costa para o Governo da Bahia s\u00e3o a \u00fanica garantia da conclus\u00e3o das obras da Ferrovia de Integra\u00e7\u00e3o Oeste Leste e a implanta\u00e7\u00e3o do Porto Sul\u201d. A afirma\u00e7\u00e3o \u00e9 do deputado federal Geraldo Sim\u00f5es (PT), que v\u00ea s\u00e9rios riscos para a continuidade desses empreendimentos em caso da elei\u00e7\u00e3o de Marina Silva e Paulo Souto.<\/p>\n<p>Sim\u00f5es alerta que \u201cMarina tem entre seus principais colaboradores o empres\u00e1rios Guilherme Leal, dono de empreendimentos imobili\u00e1rios no Sul da Bahia e que sempre se\u00a0\u00a0manifestou contr\u00e1rio ao Porto Sul\u201d. Ele diz ainda que \u201cdurante seus mandatos como governador Paulo Souto n\u00e3o fez nenhuma obra de infraestrutura na regi\u00e3o\u00a0\u00a0e permitiu o sucateamento do Porto do Malhado, em Ilh\u00e9us\u201d.<\/p>\n<p>\u201cDilma e Rui est\u00e3o comprometidos com a implanta\u00e7\u00e3o da Ferrovia Oeste Leste e do Porto Sul, que s\u00e3o fundamentais para a retomada do desenvolvimento regional\u201d, afirma.<\/p>\n<p>O Ferrovia Oeste Leste, em fase de constru\u00e7\u00e3o, e o Porto Sul, em fase de licenciamento pelo Ibama, s\u00e3o uma parceria entre o Governo Federal e o Governo da Bahia e\u00a0\u00a0fazem parte do Complexo Intermodal, com investimentos de cerca de R$ 10 bilh\u00f5es.<\/p>\n","protected":false},"excerpt":{"rendered":"<p>\u201cA reelei\u00e7\u00e3o da presidente Dilma e a elei\u00e7\u00e3o de Rui Costa para o Governo da Bahia s\u00e3o a \u00fanica garantia da conclus\u00e3o das obras da Ferrovia de Integra\u00e7\u00e3o Oeste Leste e a implanta\u00e7\u00e3o do Porto Sul\u201d. A afirma\u00e7\u00e3o \u00e9 do deputado federal Geraldo Sim\u00f5es (PT), que v\u00ea s\u00e9rios riscos para a continuidade desses empreendimentos em [&hellip;]<\/p>\n","protected":false},"author":2,"featured_media":0,"comment_status":"open","ping_status":"open","sticky":false,"template":"","format":"standard","meta":{"_links_to":"","_links_to_target":""},"categories":[1],"tags":[10232,51,361,58,218,165,615],"_links":{"self":[{"href":"https:\/\/www.blogdothame.blog.br\/v1\/wp-json\/wp\/v2\/posts\/32644"}],"collection":[{"href":"https:\/\/www.blogdothame.blog.br\/v1\/wp-json\/wp\/v2\/posts"}],"about":[{"href":"https:\/\/www.blogdothame.blog.br\/v1\/wp-json\/wp\/v2\/types\/post"}],"author":[{"embeddable":true,"href":"https:\/\/www.blogdothame.blog.br\/v1\/wp-json\/wp\/v2\/users\/2"}],"replies":[{"embeddable":true,"href":"https:\/\/www.blogdothame.blog.br\/v1\/wp-json\/wp\/v2\/comments?post=32644"}],"version-history":[{"count":2,"href":"https:\/\/www.blogdothame.blog.br\/v1\/wp-json\/wp\/v2\/posts\/32644\/revisions"}],"predecessor-version":[{"id":32654,"href":"https:\/\/www.blogdothame.blog.br\/v1\/wp-json\/wp\/v2\/posts\/32644\/revisions\/32654"}],"wp:attachment":[{"href":"https:\/\/www.blogdothame.blog.br\/v1\/wp-json\/wp\/v2\/media?parent=32644"}],"wp:term":[{"taxonomy":"category","embeddable":true,"href":"https:\/\/www.blogdothame.blog.br\/v1\/wp-json\/wp\/v2\/categories?post=32644"},{"taxonomy":"post_tag","embeddable":true,"href":"https:\/\/www.blogdothame.blog.br\/v1\/wp-json\/wp\/v2\/tags?post=32644"}],"curies":[{"name":"wp","href":"https:\/\/api.w.org\/{rel}","templated":true}]}}