{"id":32514,"date":"2014-08-27T15:17:46","date_gmt":"2014-08-27T18:17:46","guid":{"rendered":"http:\/\/www.blogdothame.blog.br\/v1\/?p=32514"},"modified":"2014-08-27T15:17:46","modified_gmt":"2014-08-27T18:17:46","slug":"dilma-veta-projeto-de-criacao-de-novos-municipios","status":"publish","type":"post","link":"https:\/\/www.blogdothame.blog.br\/v1\/2014\/08\/27\/dilma-veta-projeto-de-criacao-de-novos-municipios\/","title":{"rendered":"Dilma veta projeto de cria\u00e7\u00e3o de novos munic\u00edpios"},"content":{"rendered":"<p><span style=\"color: #444444;\">A presidente Dilma Rousseff vetou integralmente, por contrariedade ao interesse p\u00fablico, o projeto de lei que tratava da cria\u00e7\u00e3o, a incorpora\u00e7\u00e3o, a fus\u00e3o e o desmembramento de munic\u00edpios. A mensagem de veto e justificativa pela decis\u00e3o foram publicadas no Di\u00e1rio Oficial da Uni\u00e3o desta quarta-feira (27). O Minist\u00e9rio da Fazenda foi consultado sobre a proposta. A conclus\u00e3o foi que a iniciativa representava gastos, colocando em risco o equil\u00edbrio da responsabilidade fiscal.\u00a0&#8220;Embora se reconhe\u00e7a o esfor\u00e7o de constru\u00e7\u00e3o de um texto mais criterioso, a proposta n\u00e3o afasta o problema da responsabilidade fiscal na federa\u00e7\u00e3o. Depreende-se que haver\u00e1 aumento de despesas com as novas estruturas municipais sem que haja a correspondente gera\u00e7\u00e3o de novas receitas. Mantidos os atuais crit\u00e9rios de reparti\u00e7\u00e3o do Fundo de Participa\u00e7\u00e3o dos Munic\u00edpios (FPM), o desmembramento de um munic\u00edpio causa desequil\u00edbrio de recursos dentro do seu Estado, acarretando dificuldades financeiras n\u00e3o gerenci\u00e1veis para os munic\u00edpios j\u00e1 existentes&#8221;, explica a mensagem de Dilma, direcionada ao presidente do Senado Federal, Renan Calheiros (PMDB-AL).\u00a0O plen\u00e1rio do Senado aprovou em 5 de agosto texto sobre a cria\u00e7\u00e3o de munic\u00edpios. <\/span><\/p>\n<p><span style=\"color: #444444;\">O material seguiu para a san\u00e7\u00e3o presidencial porque j\u00e1 havia passado pela C\u00e2mara dos Deputados. A vota\u00e7\u00e3o da mat\u00e9ria tinha sido resultado de acordo entre Executivo e Legislativo ap\u00f3s a presidente Dilma Rousseff ter vetado, em meados de novembro do ano passado, uma proposta apreciada pelo Congresso que regulamentava novos munic\u00edpios.<\/span><\/p>\n","protected":false},"excerpt":{"rendered":"<p>A presidente Dilma Rousseff vetou integralmente, por contrariedade ao interesse p\u00fablico, o projeto de lei que tratava da cria\u00e7\u00e3o, a incorpora\u00e7\u00e3o, a fus\u00e3o e o desmembramento de munic\u00edpios. A mensagem de veto e justificativa pela decis\u00e3o foram publicadas no Di\u00e1rio Oficial da Uni\u00e3o desta quarta-feira (27). O Minist\u00e9rio da Fazenda foi consultado sobre a proposta. [&hellip;]<\/p>\n","protected":false},"author":2,"featured_media":0,"comment_status":"open","ping_status":"open","sticky":false,"template":"","format":"standard","meta":{"_links_to":"","_links_to_target":""},"categories":[1],"tags":[8247,361],"_links":{"self":[{"href":"https:\/\/www.blogdothame.blog.br\/v1\/wp-json\/wp\/v2\/posts\/32514"}],"collection":[{"href":"https:\/\/www.blogdothame.blog.br\/v1\/wp-json\/wp\/v2\/posts"}],"about":[{"href":"https:\/\/www.blogdothame.blog.br\/v1\/wp-json\/wp\/v2\/types\/post"}],"author":[{"embeddable":true,"href":"https:\/\/www.blogdothame.blog.br\/v1\/wp-json\/wp\/v2\/users\/2"}],"replies":[{"embeddable":true,"href":"https:\/\/www.blogdothame.blog.br\/v1\/wp-json\/wp\/v2\/comments?post=32514"}],"version-history":[{"count":1,"href":"https:\/\/www.blogdothame.blog.br\/v1\/wp-json\/wp\/v2\/posts\/32514\/revisions"}],"predecessor-version":[{"id":32515,"href":"https:\/\/www.blogdothame.blog.br\/v1\/wp-json\/wp\/v2\/posts\/32514\/revisions\/32515"}],"wp:attachment":[{"href":"https:\/\/www.blogdothame.blog.br\/v1\/wp-json\/wp\/v2\/media?parent=32514"}],"wp:term":[{"taxonomy":"category","embeddable":true,"href":"https:\/\/www.blogdothame.blog.br\/v1\/wp-json\/wp\/v2\/categories?post=32514"},{"taxonomy":"post_tag","embeddable":true,"href":"https:\/\/www.blogdothame.blog.br\/v1\/wp-json\/wp\/v2\/tags?post=32514"}],"curies":[{"name":"wp","href":"https:\/\/api.w.org\/{rel}","templated":true}]}}