{"id":30434,"date":"2014-05-26T17:07:32","date_gmt":"2014-05-26T20:07:32","guid":{"rendered":"http:\/\/www.blogdothame.blog.br\/v1\/?p=30434"},"modified":"2014-05-26T17:07:32","modified_gmt":"2014-05-26T20:07:32","slug":"policia-apreende-122-quilos-de-maconha-em-feira-de-santana","status":"publish","type":"post","link":"https:\/\/www.blogdothame.blog.br\/v1\/2014\/05\/26\/policia-apreende-122-quilos-de-maconha-em-feira-de-santana\/","title":{"rendered":"Pol\u00edcia apreende 122 quilos de maconha em Feira de Santana"},"content":{"rendered":"<p><img loading=\"lazy\" class=\"alignleft size-medium wp-image-30435\" alt=\"feconha\" src=\"http:\/\/www.blogdothame.blog.br\/v1\/wp-content\/uploads\/2014\/05\/feconha-300x203.jpg\" width=\"300\" height=\"203\" srcset=\"https:\/\/www.blogdothame.blog.br\/v1\/wp-content\/uploads\/2014\/05\/feconha-300x203.jpg 300w, https:\/\/www.blogdothame.blog.br\/v1\/wp-content\/uploads\/2014\/05\/feconha.jpg 512w\" sizes=\"(max-width: 300px) 100vw, 300px\" \/>Mais de 120 quilos de maconha prensada, acondicionados em tr\u00eas pneus reservas de um caminh\u00e3o, interceptado na BR-116 Norte, em Feira de Santana, foram apreendidos, durante opera\u00e7\u00e3o conjunta da Pol\u00edcia Civil, por meio do Departamento de Narc\u00f3ticos (Denarc), e Pol\u00edcia Federal, deflagrada na madrugada desta segunda-feira (26). O caminhoneiro Adaylton Oliveira de Assis, de 35 anos, respons\u00e1vel pelo transporte da droga, foi preso.<\/p>\n<p>Os 168 tabletes de maconha, avaliados em R$ 120 mil, vinham do munic\u00edpio de Lu\u00eds Eduardo Magalh\u00e3es e seriam comercializados em bairros de Salvador. Segundo o delegado do Denarc, Maur\u00edcio Moradillo, a apreens\u00e3o ocorreu ap\u00f3s den\u00fancias encaminhadas ao departamento, no in\u00edcio da tarde de domingo (25), informando que um caminh\u00e3o transportando drogas sa\u00edra daquela cidade com destino \u00e0 capital baiana.<\/p>\n<p>Os policiais montaram um cerco pr\u00f3ximo ao posto da Pol\u00edcia Rodovi\u00e1ria Federal e aguardaram o ve\u00edculo descrito nas den\u00fancias, que passou pelo local em cima de um caminh\u00e3o guincho. Segundo Adaylton, que receberia R$ 700 pelo servi\u00e7o, o caminh\u00e3o apresentou defeitos mec\u00e2nicos e precisou ser rebocado. Uma per\u00edcia ir\u00e1 confirmar a informa\u00e7\u00e3o dada pelo traficante em seu depoimento.<\/p>\n<p>De acordo com o delegado Moradillo, o propriet\u00e1rio do caminh\u00e3o e a pessoa que receberia a droga j\u00e1 foram identificados e est\u00e3o sendo procurados pela pol\u00edcia. Adayilton foi autuado por tr\u00e1fico de drogas e ser\u00e1 encaminhado ao sistema prisional. A droga apreendida vai ser periciada no Departamento de Pol\u00edcia T\u00e9cnica (DPT).<\/p>\n<p>O resultado da opera\u00e7\u00e3o, que contou com a participa\u00e7\u00e3o de outros representantes da For\u00e7a Tarefa de Combate ao Narcotr\u00e1fico, como Minist\u00e9rio P\u00fablico e Tribunal de Justi\u00e7a da Bahia, foi apresentado \u00e0 imprensa pelos delegados Maur\u00edcio Moradillo, do Denarc, e Leonardo Almeida Rodrigues, da Pol\u00edcia Federal, na manh\u00e3 de hoje, no audit\u00f3rio do Departamento de Homic\u00eddios e Prote\u00e7\u00e3o \u00e0 Pessoa (DHPP), na Pituba.<\/p>\n","protected":false},"excerpt":{"rendered":"<p>Mais de 120 quilos de maconha prensada, acondicionados em tr\u00eas pneus reservas de um caminh\u00e3o, interceptado na BR-116 Norte, em Feira de Santana, foram apreendidos, durante opera\u00e7\u00e3o conjunta da Pol\u00edcia Civil, por meio do Departamento de Narc\u00f3ticos (Denarc), e Pol\u00edcia Federal, deflagrada na madrugada desta segunda-feira (26). O caminhoneiro Adaylton Oliveira de Assis, de 35 [&hellip;]<\/p>\n","protected":false},"author":2,"featured_media":0,"comment_status":"open","ping_status":"open","sticky":false,"template":"","format":"standard","meta":{"_links_to":"","_links_to_target":""},"categories":[1],"tags":[73,2667,358,62,979,50],"_links":{"self":[{"href":"https:\/\/www.blogdothame.blog.br\/v1\/wp-json\/wp\/v2\/posts\/30434"}],"collection":[{"href":"https:\/\/www.blogdothame.blog.br\/v1\/wp-json\/wp\/v2\/posts"}],"about":[{"href":"https:\/\/www.blogdothame.blog.br\/v1\/wp-json\/wp\/v2\/types\/post"}],"author":[{"embeddable":true,"href":"https:\/\/www.blogdothame.blog.br\/v1\/wp-json\/wp\/v2\/users\/2"}],"replies":[{"embeddable":true,"href":"https:\/\/www.blogdothame.blog.br\/v1\/wp-json\/wp\/v2\/comments?post=30434"}],"version-history":[{"count":1,"href":"https:\/\/www.blogdothame.blog.br\/v1\/wp-json\/wp\/v2\/posts\/30434\/revisions"}],"predecessor-version":[{"id":30436,"href":"https:\/\/www.blogdothame.blog.br\/v1\/wp-json\/wp\/v2\/posts\/30434\/revisions\/30436"}],"wp:attachment":[{"href":"https:\/\/www.blogdothame.blog.br\/v1\/wp-json\/wp\/v2\/media?parent=30434"}],"wp:term":[{"taxonomy":"category","embeddable":true,"href":"https:\/\/www.blogdothame.blog.br\/v1\/wp-json\/wp\/v2\/categories?post=30434"},{"taxonomy":"post_tag","embeddable":true,"href":"https:\/\/www.blogdothame.blog.br\/v1\/wp-json\/wp\/v2\/tags?post=30434"}],"curies":[{"name":"wp","href":"https:\/\/api.w.org\/{rel}","templated":true}]}}