{"id":30290,"date":"2014-05-19T17:57:59","date_gmt":"2014-05-19T20:57:59","guid":{"rendered":"http:\/\/www.blogdothame.blog.br\/v1\/?p=30290"},"modified":"2014-05-19T17:57:59","modified_gmt":"2014-05-19T20:57:59","slug":"wagner-participa-de-homenagem-a-irma-dulce","status":"publish","type":"post","link":"https:\/\/www.blogdothame.blog.br\/v1\/2014\/05\/19\/wagner-participa-de-homenagem-a-irma-dulce\/","title":{"rendered":"Wagner participa de homenagem a Irm\u00e3 Dulce"},"content":{"rendered":"<p><img loading=\"lazy\" class=\"alignleft size-medium wp-image-30291\" alt=\"wagner dulce\" src=\"http:\/\/www.blogdothame.blog.br\/v1\/wp-content\/uploads\/2014\/05\/wagner-dulce-300x126.jpg\" width=\"300\" height=\"126\" srcset=\"https:\/\/www.blogdothame.blog.br\/v1\/wp-content\/uploads\/2014\/05\/wagner-dulce-300x126.jpg 300w, https:\/\/www.blogdothame.blog.br\/v1\/wp-content\/uploads\/2014\/05\/wagner-dulce.jpg 550w\" sizes=\"(max-width: 300px) 100vw, 300px\" \/>O governador Jaques Wagner dedicou a manh\u00e3 de hoje \u00e0 Irm\u00e3 Dulce dos Pobres. Presente na sess\u00e3o especial em homenagem ao centen\u00e1rio da religiosa, realizado no plen\u00e1rio da Assembleia Legislativa da Bahia (ALBA), Wagner n\u00e3o lhe economizou elogios, contou est\u00f3rias e demonstrou sua f\u00e9 naquela, que, para ele, j\u00e1 \u00e9 santa.<\/p>\n<p>O governador elogiou tamb\u00e9m o proponente da sess\u00e3o, deputado estadual e l\u00edder da bancada cat\u00f3lica na ALBA, Yulo Oiticica, n\u00e3o s\u00f3 pelo momento de f\u00e9 do qual participara, mas tamb\u00e9m pelo projeto que criou o Dia Estadual da Bem Aventurada Dulce dos Pobres. &#8220;Tudo isso, e mais as homenagens que est\u00e3o previstas para seu centen\u00e1rio, ser\u00e1 pouco diante do que ela fez&#8221;, disse o governador em seu discurso.<\/p>\n<p>Imbu\u00eddo pelo sentimento que se instalou no plen\u00e1rio, desde o momento em que o deputado Yulo Oiticica abriu a sess\u00e3o com palavras que emocionaram a todos, Wagner ressaltou a import\u00e2ncia dos valores deixados por Irm\u00e3 Dulce.<\/p>\n<p>Para ele, s\u00e3o valores que est\u00e3o se perdendo na modernidade. &#8220;Pessoas que trabalham pelos pobres e ostentam valores espirituais e de f\u00e9 na fam\u00edlia, devem ser sempre lembradas, pois nesse momento, e isso \u00e9 a fonte dos maiores problemas sociais no mundo de hoje, os valores materiais, infelizmente, s\u00e3o os patrim\u00f4nio exaltados&#8221;, disse.<\/p>\n","protected":false},"excerpt":{"rendered":"<p>O governador Jaques Wagner dedicou a manh\u00e3 de hoje \u00e0 Irm\u00e3 Dulce dos Pobres. Presente na sess\u00e3o especial em homenagem ao centen\u00e1rio da religiosa, realizado no plen\u00e1rio da Assembleia Legislativa da Bahia (ALBA), Wagner n\u00e3o lhe economizou elogios, contou est\u00f3rias e demonstrou sua f\u00e9 naquela, que, para ele, j\u00e1 \u00e9 santa. O governador elogiou tamb\u00e9m [&hellip;]<\/p>\n","protected":false},"author":2,"featured_media":0,"comment_status":"open","ping_status":"open","sticky":false,"template":"","format":"standard","meta":{"_links_to":"","_links_to_target":""},"categories":[1],"tags":[552,7596,9587,59],"_links":{"self":[{"href":"https:\/\/www.blogdothame.blog.br\/v1\/wp-json\/wp\/v2\/posts\/30290"}],"collection":[{"href":"https:\/\/www.blogdothame.blog.br\/v1\/wp-json\/wp\/v2\/posts"}],"about":[{"href":"https:\/\/www.blogdothame.blog.br\/v1\/wp-json\/wp\/v2\/types\/post"}],"author":[{"embeddable":true,"href":"https:\/\/www.blogdothame.blog.br\/v1\/wp-json\/wp\/v2\/users\/2"}],"replies":[{"embeddable":true,"href":"https:\/\/www.blogdothame.blog.br\/v1\/wp-json\/wp\/v2\/comments?post=30290"}],"version-history":[{"count":1,"href":"https:\/\/www.blogdothame.blog.br\/v1\/wp-json\/wp\/v2\/posts\/30290\/revisions"}],"predecessor-version":[{"id":30292,"href":"https:\/\/www.blogdothame.blog.br\/v1\/wp-json\/wp\/v2\/posts\/30290\/revisions\/30292"}],"wp:attachment":[{"href":"https:\/\/www.blogdothame.blog.br\/v1\/wp-json\/wp\/v2\/media?parent=30290"}],"wp:term":[{"taxonomy":"category","embeddable":true,"href":"https:\/\/www.blogdothame.blog.br\/v1\/wp-json\/wp\/v2\/categories?post=30290"},{"taxonomy":"post_tag","embeddable":true,"href":"https:\/\/www.blogdothame.blog.br\/v1\/wp-json\/wp\/v2\/tags?post=30290"}],"curies":[{"name":"wp","href":"https:\/\/api.w.org\/{rel}","templated":true}]}}