{"id":29797,"date":"2014-04-29T18:04:29","date_gmt":"2014-04-29T21:04:29","guid":{"rendered":"http:\/\/www.blogdothame.blog.br\/v1\/?p=29797"},"modified":"2014-04-29T17:08:25","modified_gmt":"2014-04-29T20:08:25","slug":"dilma-e-wagner-participam-de-formatura-do-pronatec-em-feira-de-santana","status":"publish","type":"post","link":"https:\/\/www.blogdothame.blog.br\/v1\/2014\/04\/29\/dilma-e-wagner-participam-de-formatura-do-pronatec-em-feira-de-santana\/","title":{"rendered":"Dilma e Wagner participam de formatura do Pronatec em Feira de Santana"},"content":{"rendered":"<p><img loading=\"lazy\" class=\"aligncenter size-medium wp-image-29798\" alt=\"pronatec\" src=\"http:\/\/www.blogdothame.blog.br\/v1\/wp-content\/uploads\/2014\/04\/pronatec-300x200.jpg\" width=\"300\" height=\"200\" srcset=\"https:\/\/www.blogdothame.blog.br\/v1\/wp-content\/uploads\/2014\/04\/pronatec-300x200.jpg 300w, https:\/\/www.blogdothame.blog.br\/v1\/wp-content\/uploads\/2014\/04\/pronatec.jpg 855w\" sizes=\"(max-width: 300px) 100vw, 300px\" \/><\/p>\n<p>Mais de 1,4 mil alunos do Programa Nacional de Acesso ao Ensino T\u00e9cnico e Emprego (Pronatec), moradores de\u00a0Feira de Santana, receberam os certificados dos cursos profissionalizantes. Participaram da cerim\u00f4nia de formatura, nesta ter\u00e7a-feira (29), em Feira, a presidente Dilma Rousseff, a ministra do Desenvolvimento Social e Combate a Pobreza (MDS), Tereza Campello, e o governador Jaques Wagner.<\/p>\n<p>Os cursos mais procurados no munic\u00edpio foram os relacionados \u00e0 ind\u00fastria &#8211; como eletricista industrial, assistente de planejamento e controle de produ\u00e7\u00e3o &#8211; e agente de observa\u00e7\u00e3o de seguran\u00e7a. A Bahia \u00e9 o estado do Nordeste com maior n\u00famero de inscri\u00e7\u00f5es nos cursos do Pronatec Brasil Sem Mis\u00e9ria e o terceiro maior em todo o pa\u00eds. No total, s\u00e3o 81,3 mil alunos em 111 cidades do estado, desde a cria\u00e7\u00e3o do programa. Somente em Feira de Santana o n\u00famero chega a 5.276 matriculados.<\/p>\n<p>\u201cEsses cursos s\u00e3o a oportunidade que voc\u00eas t\u00eam para o primeiro emprego. Espero que o diploma seja um incentivo para voc\u00eas continuarem crescendo. Para voc\u00eas buscarem novos cursos, se aperfei\u00e7oarem e melhorarem suas vidas cada vez mais\u201d, afirmou o governador.<\/p>\n<p>O Pronatec Brasil Sem Mis\u00e9ria integra uma s\u00e9rie de pol\u00edticas p\u00fablicas do governo federal para promover o acesso de pessoas de baixa renda, especialmente os benefici\u00e1rios do programa Bolsa Fam\u00edlia, \u00e0 qualifica\u00e7\u00e3o profissional e ao mercado de trabalho. Em todo o Brasil, s\u00e3o mais de 1,1 milh\u00e3o de matriculas em 570 cursos.<\/p>\n<p>\u201cEste \u00e9 o programa do meu governo mais importante porque muda a vida das pessoas. \u00c9 preciso qualificar os jovens porque isso significa desenvolvimento do pa\u00eds. Isso melhora a economia e agrega valor ao Brasil\u201d, afirmou a presidente Dilma Rousseff.<\/p>\n","protected":false},"excerpt":{"rendered":"<p>Mais de 1,4 mil alunos do Programa Nacional de Acesso ao Ensino T\u00e9cnico e Emprego (Pronatec), moradores de\u00a0Feira de Santana, receberam os certificados dos cursos profissionalizantes. Participaram da cerim\u00f4nia de formatura, nesta ter\u00e7a-feira (29), em Feira, a presidente Dilma Rousseff, a ministra do Desenvolvimento Social e Combate a Pobreza (MDS), Tereza Campello, e o governador [&hellip;]<\/p>\n","protected":false},"author":2,"featured_media":0,"comment_status":"open","ping_status":"open","sticky":false,"template":"","format":"standard","meta":{"_links_to":"","_links_to_target":""},"categories":[1],"tags":[361,358,7872,9449],"_links":{"self":[{"href":"https:\/\/www.blogdothame.blog.br\/v1\/wp-json\/wp\/v2\/posts\/29797"}],"collection":[{"href":"https:\/\/www.blogdothame.blog.br\/v1\/wp-json\/wp\/v2\/posts"}],"about":[{"href":"https:\/\/www.blogdothame.blog.br\/v1\/wp-json\/wp\/v2\/types\/post"}],"author":[{"embeddable":true,"href":"https:\/\/www.blogdothame.blog.br\/v1\/wp-json\/wp\/v2\/users\/2"}],"replies":[{"embeddable":true,"href":"https:\/\/www.blogdothame.blog.br\/v1\/wp-json\/wp\/v2\/comments?post=29797"}],"version-history":[{"count":3,"href":"https:\/\/www.blogdothame.blog.br\/v1\/wp-json\/wp\/v2\/posts\/29797\/revisions"}],"predecessor-version":[{"id":29801,"href":"https:\/\/www.blogdothame.blog.br\/v1\/wp-json\/wp\/v2\/posts\/29797\/revisions\/29801"}],"wp:attachment":[{"href":"https:\/\/www.blogdothame.blog.br\/v1\/wp-json\/wp\/v2\/media?parent=29797"}],"wp:term":[{"taxonomy":"category","embeddable":true,"href":"https:\/\/www.blogdothame.blog.br\/v1\/wp-json\/wp\/v2\/categories?post=29797"},{"taxonomy":"post_tag","embeddable":true,"href":"https:\/\/www.blogdothame.blog.br\/v1\/wp-json\/wp\/v2\/tags?post=29797"}],"curies":[{"name":"wp","href":"https:\/\/api.w.org\/{rel}","templated":true}]}}