{"id":29423,"date":"2014-04-16T17:09:47","date_gmt":"2014-04-16T20:09:47","guid":{"rendered":"http:\/\/www.blogdothame.blog.br\/v1\/?p=29423"},"modified":"2014-04-16T17:09:47","modified_gmt":"2014-04-16T20:09:47","slug":"ladroes-que-fizeram-arrastao-sao-presos","status":"publish","type":"post","link":"https:\/\/www.blogdothame.blog.br\/v1\/2014\/04\/16\/ladroes-que-fizeram-arrastao-sao-presos\/","title":{"rendered":"Ladr\u00f5es que fizeram arrast\u00e3o s\u00e3o presos"},"content":{"rendered":"<p><a href=\"http:\/\/www.blogdothame.blog.br\/v1\/wp-content\/uploads\/2014\/04\/arrast\u00e3o.jpg\"><img loading=\"lazy\" class=\"alignright size-medium wp-image-29424\" alt=\"arrast\u00e3o\" src=\"http:\/\/www.blogdothame.blog.br\/v1\/wp-content\/uploads\/2014\/04\/arrast\u00e3o-300x166.jpg\" width=\"300\" height=\"166\" srcset=\"https:\/\/www.blogdothame.blog.br\/v1\/wp-content\/uploads\/2014\/04\/arrast\u00e3o-300x166.jpg 300w, https:\/\/www.blogdothame.blog.br\/v1\/wp-content\/uploads\/2014\/04\/arrast\u00e3o.jpg 1024w\" sizes=\"(max-width: 300px) 100vw, 300px\" \/><\/a>Oito rapazes que participaram de um arrast\u00e3o, na manh\u00e3 desta quarta-feira (16), nas imedia\u00e7\u00f5es do Jardim de Alah, foram conduzidos \u00e0 9\u00aa Delegacia Territorial (DT\/Boca do Rio), por uma equipe do Batalh\u00e3o de Choque da Pol\u00edcia Militar, que apreendeu com o grupo v\u00e1rios pertences de v\u00edtimas. Quatro deles s\u00e3o maiores de idade e foram autuados em flagrante por roubo e associa\u00e7\u00e3o criminosa, pela delegada titular Rog\u00e9ria Ara\u00fajo, que os manter\u00e1 custodiados no Complexo Policial dos Barris.<\/p>\n<p>Jeferson da Silva Santos, de 21 anos, Alexsandro Santos Silva, 20, Mateus Santos Tavares da Silva, 18, e Joilson Cruz Lima, 18, estavam em companhia de quatro adolescentes, ao serem flagrados pelos PMs, momentos depois de terem atacado transeuntes entre o Jardim de Alah e o Parque Costa Azul. Um dos ladr\u00f5es tentou fugir do cerco policial nadando, mas n\u00e3o conseguiu escapar, sendo retirado do mar.<\/p>\n<p>Uma v\u00edtima do arrast\u00e3o, ouvida na 9\u00aa DT\/Boca do Rio, reconheceu tr\u00eas dos rapazes que teriam subtra\u00eddo seu celular, amea\u00e7ando-a com uma faca. Outros celulares, al\u00e9m de rel\u00f3gios correntes e R$ 280, em esp\u00e9cie, tamb\u00e9m foram apreendidos pelos policiais, e est\u00e3o \u00e0 disposi\u00e7\u00e3o dos propriet\u00e1rios na unidade policial.<\/p>\n<p><b>\u00a0<\/b><\/p>\n","protected":false},"excerpt":{"rendered":"<p>Oito rapazes que participaram de um arrast\u00e3o, na manh\u00e3 desta quarta-feira (16), nas imedia\u00e7\u00f5es do Jardim de Alah, foram conduzidos \u00e0 9\u00aa Delegacia Territorial (DT\/Boca do Rio), por uma equipe do Batalh\u00e3o de Choque da Pol\u00edcia Militar, que apreendeu com o grupo v\u00e1rios pertences de v\u00edtimas. Quatro deles s\u00e3o maiores de idade e foram autuados [&hellip;]<\/p>\n","protected":false},"author":2,"featured_media":0,"comment_status":"open","ping_status":"open","sticky":false,"template":"","format":"standard","meta":{"_links_to":"","_links_to_target":""},"categories":[1],"tags":[9356,9357,433],"_links":{"self":[{"href":"https:\/\/www.blogdothame.blog.br\/v1\/wp-json\/wp\/v2\/posts\/29423"}],"collection":[{"href":"https:\/\/www.blogdothame.blog.br\/v1\/wp-json\/wp\/v2\/posts"}],"about":[{"href":"https:\/\/www.blogdothame.blog.br\/v1\/wp-json\/wp\/v2\/types\/post"}],"author":[{"embeddable":true,"href":"https:\/\/www.blogdothame.blog.br\/v1\/wp-json\/wp\/v2\/users\/2"}],"replies":[{"embeddable":true,"href":"https:\/\/www.blogdothame.blog.br\/v1\/wp-json\/wp\/v2\/comments?post=29423"}],"version-history":[{"count":1,"href":"https:\/\/www.blogdothame.blog.br\/v1\/wp-json\/wp\/v2\/posts\/29423\/revisions"}],"predecessor-version":[{"id":29425,"href":"https:\/\/www.blogdothame.blog.br\/v1\/wp-json\/wp\/v2\/posts\/29423\/revisions\/29425"}],"wp:attachment":[{"href":"https:\/\/www.blogdothame.blog.br\/v1\/wp-json\/wp\/v2\/media?parent=29423"}],"wp:term":[{"taxonomy":"category","embeddable":true,"href":"https:\/\/www.blogdothame.blog.br\/v1\/wp-json\/wp\/v2\/categories?post=29423"},{"taxonomy":"post_tag","embeddable":true,"href":"https:\/\/www.blogdothame.blog.br\/v1\/wp-json\/wp\/v2\/tags?post=29423"}],"curies":[{"name":"wp","href":"https:\/\/api.w.org\/{rel}","templated":true}]}}