{"id":28510,"date":"2014-03-13T08:20:29","date_gmt":"2014-03-13T11:20:29","guid":{"rendered":"http:\/\/www.blogdothame.blog.br\/v1\/?p=28510"},"modified":"2014-03-13T08:21:16","modified_gmt":"2014-03-13T11:21:16","slug":"reporteres-sem-fronteiras-cobra-apuracao-de-assassinato-de-jornalista-na-bahia","status":"publish","type":"post","link":"https:\/\/www.blogdothame.blog.br\/v1\/2014\/03\/13\/reporteres-sem-fronteiras-cobra-apuracao-de-assassinato-de-jornalista-na-bahia\/","title":{"rendered":"Rep\u00f3rteres Sem Fronteiras cobra apura\u00e7\u00e3o de assassinato de jornalista na Bahia"},"content":{"rendered":"<p><a href=\"http:\/\/www.blogdothame.blog.br\/v1\/wp-content\/uploads\/2014\/03\/geo.jpg\"><img loading=\"lazy\" class=\"alignleft size-medium wp-image-28511\" alt=\"geo\" src=\"http:\/\/www.blogdothame.blog.br\/v1\/wp-content\/uploads\/2014\/03\/geo-300x165.jpg\" width=\"300\" height=\"165\" srcset=\"https:\/\/www.blogdothame.blog.br\/v1\/wp-content\/uploads\/2014\/03\/geo-300x165.jpg 300w, https:\/\/www.blogdothame.blog.br\/v1\/wp-content\/uploads\/2014\/03\/geo.jpg 600w\" sizes=\"(max-width: 300px) 100vw, 300px\" \/><\/a>A ONG Rep\u00f3rteres sem Fronteiras condenou o assassinato do apresentador de televis\u00e3o e radialista\u00a0Geolino Lopes Xavier, em Teixeira de Freitas (Bahia), a 27 de fevereiro de 2014. O jornalista apresentava o programa informativo \u201cA Tarde\u201d do portal\u00a0<i>N3<\/i>, do qual era co-diretor.<\/p>\n<p>\u00c9 a quarta vez no que vai de ano que um jornalista \u00e9 v\u00edtima de um ataque letal. Gel Lopes, como era conhecido, se encontrava no interior de um autom\u00f3vel do portal\u00a0<i>N3<\/i>\u00a0quando foi abatido por dois ind\u00edviduos a bordo de outra viatura. O jornalista acabara de deixar o seu colega Djalma Ferreira em sua casa. A investiga\u00e7\u00e3o policial ainda n\u00e3o identificou prov\u00e1veis motiva\u00e7\u00f5es ou suspeitos.<\/p>\n<p>\u201cTransmitimos nossas mais sinceras condol\u00eancias e nosso apoio \u00e0 fam\u00edlia de Geolino Lopes Xavier. Deploramos a elevada inseguran\u00e7a que afeta o trabalho dos jornalistas brasileiros, e solicitamos \u00e0s autoridades competentes que tenham em linha de conta a pista profissional\u201d, declara Camille Soulier, respons\u00e1vel do departamento Am\u00e9ricas da organiza\u00e7\u00e3o. \u201cEsperamos que sejam adotadas medidas concretas, n\u00e3o s\u00f3 durante a cobertura de manifesta\u00e7\u00f5es mas acess\u00edveis a todos os jornalistas que assim o necessitarem, e em quaisquer circunst\u00e2ncias\u201d, acrescentou.<\/p>\n","protected":false},"excerpt":{"rendered":"<p>A ONG Rep\u00f3rteres sem Fronteiras condenou o assassinato do apresentador de televis\u00e3o e radialista\u00a0Geolino Lopes Xavier, em Teixeira de Freitas (Bahia), a 27 de fevereiro de 2014. O jornalista apresentava o programa informativo \u201cA Tarde\u201d do portal\u00a0N3, do qual era co-diretor. \u00c9 a quarta vez no que vai de ano que um jornalista \u00e9 v\u00edtima [&hellip;]<\/p>\n","protected":false},"author":2,"featured_media":0,"comment_status":"open","ping_status":"open","sticky":false,"template":"","format":"standard","meta":{"_links_to":"","_links_to_target":""},"categories":[1],"tags":[51,9109,1989,5210],"_links":{"self":[{"href":"https:\/\/www.blogdothame.blog.br\/v1\/wp-json\/wp\/v2\/posts\/28510"}],"collection":[{"href":"https:\/\/www.blogdothame.blog.br\/v1\/wp-json\/wp\/v2\/posts"}],"about":[{"href":"https:\/\/www.blogdothame.blog.br\/v1\/wp-json\/wp\/v2\/types\/post"}],"author":[{"embeddable":true,"href":"https:\/\/www.blogdothame.blog.br\/v1\/wp-json\/wp\/v2\/users\/2"}],"replies":[{"embeddable":true,"href":"https:\/\/www.blogdothame.blog.br\/v1\/wp-json\/wp\/v2\/comments?post=28510"}],"version-history":[{"count":1,"href":"https:\/\/www.blogdothame.blog.br\/v1\/wp-json\/wp\/v2\/posts\/28510\/revisions"}],"predecessor-version":[{"id":28512,"href":"https:\/\/www.blogdothame.blog.br\/v1\/wp-json\/wp\/v2\/posts\/28510\/revisions\/28512"}],"wp:attachment":[{"href":"https:\/\/www.blogdothame.blog.br\/v1\/wp-json\/wp\/v2\/media?parent=28510"}],"wp:term":[{"taxonomy":"category","embeddable":true,"href":"https:\/\/www.blogdothame.blog.br\/v1\/wp-json\/wp\/v2\/categories?post=28510"},{"taxonomy":"post_tag","embeddable":true,"href":"https:\/\/www.blogdothame.blog.br\/v1\/wp-json\/wp\/v2\/tags?post=28510"}],"curies":[{"name":"wp","href":"https:\/\/api.w.org\/{rel}","templated":true}]}}