{"id":28449,"date":"2014-03-11T08:06:09","date_gmt":"2014-03-11T11:06:09","guid":{"rendered":"http:\/\/www.blogdothame.blog.br\/v1\/?p=28449"},"modified":"2014-03-11T08:08:29","modified_gmt":"2014-03-11T11:08:29","slug":"marcio-fahel-e-o-novo-chefe-do-mp-ba","status":"publish","type":"post","link":"https:\/\/www.blogdothame.blog.br\/v1\/2014\/03\/11\/marcio-fahel-e-o-novo-chefe-do-mp-ba\/","title":{"rendered":"M\u00e1rcio Fahel \u00e9 o novo chefe do MP-BA"},"content":{"rendered":"<p><a href=\"http:\/\/www.blogdothame.blog.br\/v1\/wp-content\/uploads\/2014\/03\/marcio-fahel.jpg\"><img loading=\"lazy\" class=\"alignleft size-medium wp-image-28451\" alt=\"marcio fahel\" src=\"http:\/\/www.blogdothame.blog.br\/v1\/wp-content\/uploads\/2014\/03\/marcio-fahel-300x221.jpg\" width=\"300\" height=\"221\" srcset=\"https:\/\/www.blogdothame.blog.br\/v1\/wp-content\/uploads\/2014\/03\/marcio-fahel-300x221.jpg 300w, https:\/\/www.blogdothame.blog.br\/v1\/wp-content\/uploads\/2014\/03\/marcio-fahel.jpg 380w\" sizes=\"(max-width: 300px) 100vw, 300px\" \/><\/a>O promotor de Justi\u00e7a M\u00e1rcio Jos\u00e9 Cordeiro Fahel foi o escolhido pelo governador Jaques Wagner para chefiar o Minist\u00e9rio P\u00fablico do Estado da Bahia nos pr\u00f3ximos dois anos.<\/p>\n<p>Candidato mais votado em elei\u00e7\u00e3o realizada pela Institui\u00e7\u00e3o no \u00faltimo dia 24, ele comp\u00f4s lista tr\u00edplice com os promotores Ediene Lousado e Millen Castro. Fahel substituir\u00e1 o atual procurador-geral de Justi\u00e7a Wellington C\u00e9sar Lima e Silva.\u00a0Wellington comandou o MP nos \u00faltimos 4 anos. A posse est\u00e1 marcada para a pr\u00f3xima quarta-feira, dia 12, \u00e0s 16h, na sede do MP, no Centro Administrativo da Bahia (CAB), em Salvador.<\/p>\n<p>O novo chefe do Minist\u00e9rio P\u00fablico baiano tem 42 anos e \u00e9 natural de Itabuna. Foi empossado como promotor em 1993, atuando nas Promotorias de Mucuri, Aurelino Leal, Ibicara\u00ed e de Itabuna, onde coordenou a Promotoria Regional.Em 2009, foi promovido para Salvador e atuou na 1\u00ba Promotoria de Justi\u00e7a Criminal e na 6\u00aa Promotoria de Justi\u00e7a da Cidadania.<\/p>\n<p>Nos \u00faltimos anos, ocupou os cargos de assessor especial, coordenador do Centro de Estudos e Aperfei\u00e7oamento Funcional (Ceaf) e de secret\u00e1rio-geral do Minist\u00e9rio P\u00fablico.Antes de disputar a elei\u00e7\u00e3o, Fahel era chefe de Gabinete do procurador-geral de Justi\u00e7a.<\/p>\n","protected":false},"excerpt":{"rendered":"<p>O promotor de Justi\u00e7a M\u00e1rcio Jos\u00e9 Cordeiro Fahel foi o escolhido pelo governador Jaques Wagner para chefiar o Minist\u00e9rio P\u00fablico do Estado da Bahia nos pr\u00f3ximos dois anos. Candidato mais votado em elei\u00e7\u00e3o realizada pela Institui\u00e7\u00e3o no \u00faltimo dia 24, ele comp\u00f4s lista tr\u00edplice com os promotores Ediene Lousado e Millen Castro. Fahel substituir\u00e1 o [&hellip;]<\/p>\n","protected":false},"author":2,"featured_media":0,"comment_status":"open","ping_status":"open","sticky":false,"template":"","format":"standard","meta":{"_links_to":"","_links_to_target":""},"categories":[1],"tags":[39,7387,9099],"_links":{"self":[{"href":"https:\/\/www.blogdothame.blog.br\/v1\/wp-json\/wp\/v2\/posts\/28449"}],"collection":[{"href":"https:\/\/www.blogdothame.blog.br\/v1\/wp-json\/wp\/v2\/posts"}],"about":[{"href":"https:\/\/www.blogdothame.blog.br\/v1\/wp-json\/wp\/v2\/types\/post"}],"author":[{"embeddable":true,"href":"https:\/\/www.blogdothame.blog.br\/v1\/wp-json\/wp\/v2\/users\/2"}],"replies":[{"embeddable":true,"href":"https:\/\/www.blogdothame.blog.br\/v1\/wp-json\/wp\/v2\/comments?post=28449"}],"version-history":[{"count":2,"href":"https:\/\/www.blogdothame.blog.br\/v1\/wp-json\/wp\/v2\/posts\/28449\/revisions"}],"predecessor-version":[{"id":28452,"href":"https:\/\/www.blogdothame.blog.br\/v1\/wp-json\/wp\/v2\/posts\/28449\/revisions\/28452"}],"wp:attachment":[{"href":"https:\/\/www.blogdothame.blog.br\/v1\/wp-json\/wp\/v2\/media?parent=28449"}],"wp:term":[{"taxonomy":"category","embeddable":true,"href":"https:\/\/www.blogdothame.blog.br\/v1\/wp-json\/wp\/v2\/categories?post=28449"},{"taxonomy":"post_tag","embeddable":true,"href":"https:\/\/www.blogdothame.blog.br\/v1\/wp-json\/wp\/v2\/tags?post=28449"}],"curies":[{"name":"wp","href":"https:\/\/api.w.org\/{rel}","templated":true}]}}