{"id":27733,"date":"2014-02-12T15:57:19","date_gmt":"2014-02-12T18:57:19","guid":{"rendered":"http:\/\/www.blogdothame.blog.br\/v1\/?p=27733"},"modified":"2014-02-12T16:00:11","modified_gmt":"2014-02-12T19:00:11","slug":"governador-inaugura-novo-complexo-policial-em-feira-de-santana","status":"publish","type":"post","link":"https:\/\/www.blogdothame.blog.br\/v1\/2014\/02\/12\/governador-inaugura-novo-complexo-policial-em-feira-de-santana\/","title":{"rendered":"Governador inaugura novo complexo policial em Feira de Santana"},"content":{"rendered":"<div>\n<div id=\"attachment_27734\" style=\"width: 310px\" class=\"wp-caption aligncenter\"><a href=\"http:\/\/www.blogdothame.blog.br\/v1\/wp-content\/uploads\/2014\/02\/feira-1.jpg\"><img aria-describedby=\"caption-attachment-27734\" loading=\"lazy\" class=\"size-medium wp-image-27734\" alt=\"Feira ganha novo complexo policial (fotos Manu Dias\/Secom BA)\" src=\"http:\/\/www.blogdothame.blog.br\/v1\/wp-content\/uploads\/2014\/02\/feira-1-300x199.jpg\" width=\"300\" height=\"199\" srcset=\"https:\/\/www.blogdothame.blog.br\/v1\/wp-content\/uploads\/2014\/02\/feira-1-300x199.jpg 300w, https:\/\/www.blogdothame.blog.br\/v1\/wp-content\/uploads\/2014\/02\/feira-1.jpg 878w\" sizes=\"(max-width: 300px) 100vw, 300px\" \/><\/a><p id=\"caption-attachment-27734\" class=\"wp-caption-text\">Feira ganha novo complexo policial (fotos Manu Dias\/Secom BA)<\/p><\/div>\n<\/div>\n<div>Um novo e moderno complexo policial foi inaugurado nesta quarta-feira (12), em Feira de Santana, pelo governador Jaques Wagner. O efetivo, que atender\u00e1 cerca de 600 mil habitantes, ser\u00e1 de 111 policiais civis (entre delegados, escriv\u00e3es e investigadores) e dois agentes administrativos. Para dar suporte ao trabalho investigativo e de cumprimento de mandados, dentre outras atribui\u00e7\u00f5es, a unidade ir\u00e1 dispor de 18 viaturas.<\/div>\n<div><\/div>\n<div><a href=\"http:\/\/www.blogdothame.blog.br\/v1\/wp-content\/uploads\/2014\/02\/feira-2.jpg\"><img loading=\"lazy\" class=\"alignright size-medium wp-image-27735\" alt=\"feira 2\" src=\"http:\/\/www.blogdothame.blog.br\/v1\/wp-content\/uploads\/2014\/02\/feira-2-300x199.jpg\" width=\"300\" height=\"199\" srcset=\"https:\/\/www.blogdothame.blog.br\/v1\/wp-content\/uploads\/2014\/02\/feira-2-300x199.jpg 300w, https:\/\/www.blogdothame.blog.br\/v1\/wp-content\/uploads\/2014\/02\/feira-2.jpg 878w\" sizes=\"(max-width: 300px) 100vw, 300px\" \/><\/a>No complexo funcionar\u00e3o a 1\u00aa Coordenadoria Regional de Pol\u00edcia do Interior e as delegacias do Adolescente Infrator (DAI), de Homic\u00eddios e Prote\u00e7\u00e3o \u00e0 Pessoa (DHPP), de Roubo de Cargas em Rodovia (Decarga) e a 2\u00aa Territorial.<\/div>\n<div><\/div>\n<div>&#8220;S\u00e3o mais de R$ 9 milh\u00f5es de investimentos e o equipamento vai abrigar v\u00e1rias delegacias. O complexo \u00e9 mais uma aquisi\u00e7\u00e3o para melhor da seguran\u00e7a em Feira de Santana. Tamb\u00e9m estamos preparando uma nova base comunit\u00e1ria com novos equipamentos e policiais, como parte do program Pacto pela Vida, que vem para garantir a seguran\u00e7a da popula\u00e7\u00e3o&#8221;, explicou o governador. O investimento total no complexo \u00e9 de aproximadamente R$ 9,5 milh\u00f5es para atender as cidades de Anguera, Ant\u00f4nio Cardoso, Ipecaet\u00e1, Rafael Jambeiro, Santo Est\u00eav\u00e3o, Serra Preta, S\u00e3o Gon\u00e7alo dos Campos e Tanquinho.<\/div>\n<div><\/div>\n<div>Ainda em Feira de Santana, o governador visitou as obras da Avenida N\u00f3ide Cerqueira, que est\u00e3o 68% conclu\u00eddas, com previs\u00e3o de entrega para abril deste ano.<\/div>\n","protected":false},"excerpt":{"rendered":"<p>Um novo e moderno complexo policial foi inaugurado nesta quarta-feira (12), em Feira de Santana, pelo governador Jaques Wagner. O efetivo, que atender\u00e1 cerca de 600 mil habitantes, ser\u00e1 de 111 policiais civis (entre delegados, escriv\u00e3es e investigadores) e dois agentes administrativos. Para dar suporte ao trabalho investigativo e de cumprimento de mandados, dentre outras [&hellip;]<\/p>\n","protected":false},"author":2,"featured_media":0,"comment_status":"open","ping_status":"open","sticky":false,"template":"","format":"standard","meta":{"_links_to":"","_links_to_target":""},"categories":[1],"tags":[8908,358,59],"_links":{"self":[{"href":"https:\/\/www.blogdothame.blog.br\/v1\/wp-json\/wp\/v2\/posts\/27733"}],"collection":[{"href":"https:\/\/www.blogdothame.blog.br\/v1\/wp-json\/wp\/v2\/posts"}],"about":[{"href":"https:\/\/www.blogdothame.blog.br\/v1\/wp-json\/wp\/v2\/types\/post"}],"author":[{"embeddable":true,"href":"https:\/\/www.blogdothame.blog.br\/v1\/wp-json\/wp\/v2\/users\/2"}],"replies":[{"embeddable":true,"href":"https:\/\/www.blogdothame.blog.br\/v1\/wp-json\/wp\/v2\/comments?post=27733"}],"version-history":[{"count":1,"href":"https:\/\/www.blogdothame.blog.br\/v1\/wp-json\/wp\/v2\/posts\/27733\/revisions"}],"predecessor-version":[{"id":27736,"href":"https:\/\/www.blogdothame.blog.br\/v1\/wp-json\/wp\/v2\/posts\/27733\/revisions\/27736"}],"wp:attachment":[{"href":"https:\/\/www.blogdothame.blog.br\/v1\/wp-json\/wp\/v2\/media?parent=27733"}],"wp:term":[{"taxonomy":"category","embeddable":true,"href":"https:\/\/www.blogdothame.blog.br\/v1\/wp-json\/wp\/v2\/categories?post=27733"},{"taxonomy":"post_tag","embeddable":true,"href":"https:\/\/www.blogdothame.blog.br\/v1\/wp-json\/wp\/v2\/tags?post=27733"}],"curies":[{"name":"wp","href":"https:\/\/api.w.org\/{rel}","templated":true}]}}