{"id":27592,"date":"2014-02-07T18:05:46","date_gmt":"2014-02-07T21:05:46","guid":{"rendered":"http:\/\/www.blogdothame.blog.br\/v1\/?p=27592"},"modified":"2014-02-07T18:27:13","modified_gmt":"2014-02-07T21:27:13","slug":"recuperada-apos-vandalismo-estatua-de-jorge-amado-vai-para-campus-da-ufesba","status":"publish","type":"post","link":"https:\/\/www.blogdothame.blog.br\/v1\/2014\/02\/07\/recuperada-apos-vandalismo-estatua-de-jorge-amado-vai-para-campus-da-ufesba\/","title":{"rendered":"Recuperada ap\u00f3s vandalismo, est\u00e1tua de Jorge Amado vai para campus da Ufesba"},"content":{"rendered":"<div id=\"attachment_27590\" style=\"width: 235px\" class=\"wp-caption aligncenter\"><a href=\"http:\/\/www.blogdothame.blog.br\/v1\/wp-content\/uploads\/2014\/02\/jorge-1.jpg\"><img aria-describedby=\"caption-attachment-27590\" loading=\"lazy\" class=\"size-medium wp-image-27590\" alt=\"Jorge pede ajuda aos universit\u00e1rios\" src=\"http:\/\/www.blogdothame.blog.br\/v1\/wp-content\/uploads\/2014\/02\/jorge-1-225x300.jpg\" width=\"225\" height=\"300\" srcset=\"https:\/\/www.blogdothame.blog.br\/v1\/wp-content\/uploads\/2014\/02\/jorge-1-225x300.jpg 225w, https:\/\/www.blogdothame.blog.br\/v1\/wp-content\/uploads\/2014\/02\/jorge-1.jpg 439w\" sizes=\"(max-width: 225px) 100vw, 225px\" \/><\/a><p id=\"caption-attachment-27590\" class=\"wp-caption-text\">Jorge pede ajuda aos universit\u00e1rios<\/p><\/div>\n<p>Recuperada pela Funda\u00e7\u00e3o Itabunense de Cultura e Cidadania, ap\u00f3s sofrer atos de vandalismo (tiros ou pedradas, a depender das vers\u00f5es), a est\u00e1tua de \u00a0Jorge Amado n\u00e3o voltar\u00e1 ao seu local original, na entrada de Ferradas, bairro de Itabuna onde o escritor nasceu em 1910..<\/p>\n<p>Diante da fragilidade com que a est\u00e1tua foi produzida, uma resina sint\u00e9tica, A FICC decidiu que a est\u00e1tua ser\u00e1 colocada na sede do campus e da reitoria da Universidade Federal do Sul da Bahia, onde, acredita-se, estar\u00e1 \u00e0 salvo do vandalismo. A Ufesba est\u00e1 localizada tamb\u00e9m em Ferradas e o campus leva o nome de Jorge Amado.<\/p>\n<p>O presidente da FICC, Roberto Jos\u00e9 da Silva, revelou o ideal seria que a est\u00e1tua fosse feita com um material mais resistente, como bronze e que a recupera\u00e7\u00e3o obedeceu ao projeto original, do escultor Lavrud Durval.<\/p>\n<p>A hist\u00f3ria da constru\u00e7\u00e3o dessa estt\u00e1tua daria um folhetim digno de Jorge Amado. Ou daria cadeia, tamanha foi rapinagem por conta das \u201ccomemora\u00e7\u00f5es\u201d\u00a0 do Centen\u00e1rio de Jorge Amado em Itabuna.<\/p>\n","protected":false},"excerpt":{"rendered":"<p>Recuperada pela Funda\u00e7\u00e3o Itabunense de Cultura e Cidadania, ap\u00f3s sofrer atos de vandalismo (tiros ou pedradas, a depender das vers\u00f5es), a est\u00e1tua de \u00a0Jorge Amado n\u00e3o voltar\u00e1 ao seu local original, na entrada de Ferradas, bairro de Itabuna onde o escritor nasceu em 1910.. Diante da fragilidade com que a est\u00e1tua foi produzida, uma resina [&hellip;]<\/p>\n","protected":false},"author":2,"featured_media":0,"comment_status":"open","ping_status":"open","sticky":false,"template":"","format":"standard","meta":{"_links_to":"","_links_to_target":""},"categories":[1],"tags":[201,297,39,168,341,1948],"_links":{"self":[{"href":"https:\/\/www.blogdothame.blog.br\/v1\/wp-json\/wp\/v2\/posts\/27592"}],"collection":[{"href":"https:\/\/www.blogdothame.blog.br\/v1\/wp-json\/wp\/v2\/posts"}],"about":[{"href":"https:\/\/www.blogdothame.blog.br\/v1\/wp-json\/wp\/v2\/types\/post"}],"author":[{"embeddable":true,"href":"https:\/\/www.blogdothame.blog.br\/v1\/wp-json\/wp\/v2\/users\/2"}],"replies":[{"embeddable":true,"href":"https:\/\/www.blogdothame.blog.br\/v1\/wp-json\/wp\/v2\/comments?post=27592"}],"version-history":[{"count":2,"href":"https:\/\/www.blogdothame.blog.br\/v1\/wp-json\/wp\/v2\/posts\/27592\/revisions"}],"predecessor-version":[{"id":27604,"href":"https:\/\/www.blogdothame.blog.br\/v1\/wp-json\/wp\/v2\/posts\/27592\/revisions\/27604"}],"wp:attachment":[{"href":"https:\/\/www.blogdothame.blog.br\/v1\/wp-json\/wp\/v2\/media?parent=27592"}],"wp:term":[{"taxonomy":"category","embeddable":true,"href":"https:\/\/www.blogdothame.blog.br\/v1\/wp-json\/wp\/v2\/categories?post=27592"},{"taxonomy":"post_tag","embeddable":true,"href":"https:\/\/www.blogdothame.blog.br\/v1\/wp-json\/wp\/v2\/tags?post=27592"}],"curies":[{"name":"wp","href":"https:\/\/api.w.org\/{rel}","templated":true}]}}