{"id":26168,"date":"2013-12-07T10:18:54","date_gmt":"2013-12-07T13:18:54","guid":{"rendered":"http:\/\/www.blogdothame.blog.br\/v1\/?p=26168"},"modified":"2013-12-07T10:18:54","modified_gmt":"2013-12-07T13:18:54","slug":"lula-midia-se-preocupa-com-emprego-de-dirceu-e-esconde-445-quilos-de-cocaina","status":"publish","type":"post","link":"https:\/\/www.blogdothame.blog.br\/v1\/2013\/12\/07\/lula-midia-se-preocupa-com-emprego-de-dirceu-e-esconde-445-quilos-de-cocaina\/","title":{"rendered":"Lula: \u201cm\u00eddia se preocupa com emprego de Dirceu e esconde 445 quilos de coca\u00edna\u201d"},"content":{"rendered":"<p><a href=\"http:\/\/www.blogdothame.blog.br\/v1\/wp-content\/uploads\/2013\/12\/lula-ver.jpg\"><img loading=\"lazy\" class=\"alignleft size-medium wp-image-26169\" alt=\"lula ver\" src=\"http:\/\/www.blogdothame.blog.br\/v1\/wp-content\/uploads\/2013\/12\/lula-ver-300x107.jpg\" width=\"300\" height=\"107\" srcset=\"https:\/\/www.blogdothame.blog.br\/v1\/wp-content\/uploads\/2013\/12\/lula-ver-300x107.jpg 300w, https:\/\/www.blogdothame.blog.br\/v1\/wp-content\/uploads\/2013\/12\/lula-ver.jpg 1000w\" sizes=\"(max-width: 300px) 100vw, 300px\" \/><\/a>O ex-presidente Lula comparou, na noite desta sexta-feira 6, a diferen\u00e7a de tratamento dado pela imprensa quando se refere ao ex-ministro Jos\u00e9 Dirceu, condenado na A\u00e7\u00e3o Penal 470, e ao helic\u00f3ptero do deputado estadual Gustavo Perrella (SDD-MG), flagrado transportando 445 quilos de coca\u00edna.<\/p>\n<p>&#8220;Me incomoda a preocupa\u00e7\u00e3o da imprensa com os condenados, sobretudo com o emprego do Z\u00e9 Dirceu. E essa mesma imprensa, que em nome da moral fala tanto do Z\u00e9 Dirceu, esconde o outro lado que estava com 445 quilos de coca\u00edna num helic\u00f3ptero&#8221;, disse Lula, durante encontro de vereadores do PT paulista em Itupeva (SP) para promover a pr\u00e9-candidatura a governador do ministro Alexandre Padilha.<\/p>\n<p>O ex-presidente se referia, no caso de Dirceu, \u00e0 den\u00fancia veiculada pelo Jornal Nacional sobre o hotel Saint Peter, de Bras\u00edlia, que ofereceu emprego ao ex-ministro. Segundo o jornal da TV Globo, a empresa tem como um dos s\u00f3cios um &#8216;laranja&#8217;, o panamenho Jos\u00e9 Eugenio Silva Ritter, que conforme mostrou o notici\u00e1rio, mora num bairro pobre do Panam\u00e1 e trabalha como auxiliar de escrit\u00f3rio.<\/p>\n","protected":false},"excerpt":{"rendered":"<p>O ex-presidente Lula comparou, na noite desta sexta-feira 6, a diferen\u00e7a de tratamento dado pela imprensa quando se refere ao ex-ministro Jos\u00e9 Dirceu, condenado na A\u00e7\u00e3o Penal 470, e ao helic\u00f3ptero do deputado estadual Gustavo Perrella (SDD-MG), flagrado transportando 445 quilos de coca\u00edna. &#8220;Me incomoda a preocupa\u00e7\u00e3o da imprensa com os condenados, sobretudo com o [&hellip;]<\/p>\n","protected":false},"author":2,"featured_media":0,"comment_status":"open","ping_status":"open","sticky":false,"template":"","format":"standard","meta":{"_links_to":"","_links_to_target":""},"categories":[1],"tags":[108,337,315,382,3530],"_links":{"self":[{"href":"https:\/\/www.blogdothame.blog.br\/v1\/wp-json\/wp\/v2\/posts\/26168"}],"collection":[{"href":"https:\/\/www.blogdothame.blog.br\/v1\/wp-json\/wp\/v2\/posts"}],"about":[{"href":"https:\/\/www.blogdothame.blog.br\/v1\/wp-json\/wp\/v2\/types\/post"}],"author":[{"embeddable":true,"href":"https:\/\/www.blogdothame.blog.br\/v1\/wp-json\/wp\/v2\/users\/2"}],"replies":[{"embeddable":true,"href":"https:\/\/www.blogdothame.blog.br\/v1\/wp-json\/wp\/v2\/comments?post=26168"}],"version-history":[{"count":1,"href":"https:\/\/www.blogdothame.blog.br\/v1\/wp-json\/wp\/v2\/posts\/26168\/revisions"}],"predecessor-version":[{"id":26170,"href":"https:\/\/www.blogdothame.blog.br\/v1\/wp-json\/wp\/v2\/posts\/26168\/revisions\/26170"}],"wp:attachment":[{"href":"https:\/\/www.blogdothame.blog.br\/v1\/wp-json\/wp\/v2\/media?parent=26168"}],"wp:term":[{"taxonomy":"category","embeddable":true,"href":"https:\/\/www.blogdothame.blog.br\/v1\/wp-json\/wp\/v2\/categories?post=26168"},{"taxonomy":"post_tag","embeddable":true,"href":"https:\/\/www.blogdothame.blog.br\/v1\/wp-json\/wp\/v2\/tags?post=26168"}],"curies":[{"name":"wp","href":"https:\/\/api.w.org\/{rel}","templated":true}]}}