{"id":25909,"date":"2013-11-30T18:54:43","date_gmt":"2013-11-30T21:54:43","guid":{"rendered":"http:\/\/www.blogdothame.blog.br\/v1\/?p=25909"},"modified":"2013-11-30T18:56:47","modified_gmt":"2013-11-30T21:56:47","slug":"juca-kfouri-e-o-voo-do-po","status":"publish","type":"post","link":"https:\/\/www.blogdothame.blog.br\/v1\/2013\/11\/30\/juca-kfouri-e-o-voo-do-po\/","title":{"rendered":"Juca Kfouri e o voo do p\u00f3"},"content":{"rendered":"<p><a href=\"http:\/\/www.blogdothame.blog.br\/v1\/wp-content\/uploads\/2013\/11\/p\u00f3.jpg\"><img loading=\"lazy\" class=\"alignright size-full wp-image-25910\" alt=\"p\u00f3\" src=\"http:\/\/www.blogdothame.blog.br\/v1\/wp-content\/uploads\/2013\/11\/p\u00f3.jpg\" width=\"291\" height=\"218\" \/><\/a><\/p>\n<p><strong>&#8220;Imagine que o helic\u00f3ptero do Supla, que n\u00e3o tem helic\u00f3ptero, mas \u00e9 filho do senador Eduardo Suplicy, do PT, que nunca presidiu o Santos, seja pego com 500 quilos de coca\u00edna.<\/strong><\/p>\n<p><strong>Voc\u00ea acha que o caso seria tratado com a mesma discri\u00e7\u00e3o do caso do helic\u00f3ptero do deputado Gustavo Perrela, que \u00e9 filho do senador aecista Zez\u00e9 Perrela, que foi presidente do Cruzeiro, aeronave pega com 500 quilos de cocaina?<\/strong><\/p>\n<p><strong>Tudo bem.<\/strong><\/p>\n<p><strong>Nem Gustavo \u00e9 conhecido como Supla, nem Zez\u00e9 tem a import\u00e2ncia pol\u00edtica de Suplicy.<\/strong><\/p>\n<p><strong>Qualquer que fosse o pol\u00edtico petista envolvido num caso semelhante seria tratado com tanta condescend\u00eancia?<\/strong><\/p>\n<p><strong>Em tempo e novamente, para aplacar iras mal dirigidas: jamais fui petista&#8221;.<\/strong><\/p>\n<p style=\"text-align: right;\"><em>De Juca Kfouru, hoje, em seu blog no UOL<\/em><\/p>\n","protected":false},"excerpt":{"rendered":"<p>&#8220;Imagine que o helic\u00f3ptero do Supla, que n\u00e3o tem helic\u00f3ptero, mas \u00e9 filho do senador Eduardo Suplicy, do PT, que nunca presidiu o Santos, seja pego com 500 quilos de coca\u00edna. Voc\u00ea acha que o caso seria tratado com a mesma discri\u00e7\u00e3o do caso do helic\u00f3ptero do deputado Gustavo Perrela, que \u00e9 filho do senador [&hellip;]<\/p>\n","protected":false},"author":2,"featured_media":0,"comment_status":"open","ping_status":"open","sticky":false,"template":"","format":"standard","meta":{"_links_to":"","_links_to_target":""},"categories":[1],"tags":[],"_links":{"self":[{"href":"https:\/\/www.blogdothame.blog.br\/v1\/wp-json\/wp\/v2\/posts\/25909"}],"collection":[{"href":"https:\/\/www.blogdothame.blog.br\/v1\/wp-json\/wp\/v2\/posts"}],"about":[{"href":"https:\/\/www.blogdothame.blog.br\/v1\/wp-json\/wp\/v2\/types\/post"}],"author":[{"embeddable":true,"href":"https:\/\/www.blogdothame.blog.br\/v1\/wp-json\/wp\/v2\/users\/2"}],"replies":[{"embeddable":true,"href":"https:\/\/www.blogdothame.blog.br\/v1\/wp-json\/wp\/v2\/comments?post=25909"}],"version-history":[{"count":1,"href":"https:\/\/www.blogdothame.blog.br\/v1\/wp-json\/wp\/v2\/posts\/25909\/revisions"}],"predecessor-version":[{"id":25911,"href":"https:\/\/www.blogdothame.blog.br\/v1\/wp-json\/wp\/v2\/posts\/25909\/revisions\/25911"}],"wp:attachment":[{"href":"https:\/\/www.blogdothame.blog.br\/v1\/wp-json\/wp\/v2\/media?parent=25909"}],"wp:term":[{"taxonomy":"category","embeddable":true,"href":"https:\/\/www.blogdothame.blog.br\/v1\/wp-json\/wp\/v2\/categories?post=25909"},{"taxonomy":"post_tag","embeddable":true,"href":"https:\/\/www.blogdothame.blog.br\/v1\/wp-json\/wp\/v2\/tags?post=25909"}],"curies":[{"name":"wp","href":"https:\/\/api.w.org\/{rel}","templated":true}]}}