{"id":25886,"date":"2013-11-29T15:17:05","date_gmt":"2013-11-29T18:17:05","guid":{"rendered":"http:\/\/www.blogdothame.blog.br\/v1\/?p=25886"},"modified":"2013-11-29T15:17:05","modified_gmt":"2013-11-29T18:17:05","slug":"governador-assina-termo-para-instalacao-da-ufesba-em-teixeira-de-freitas","status":"publish","type":"post","link":"https:\/\/www.blogdothame.blog.br\/v1\/2013\/11\/29\/governador-assina-termo-para-instalacao-da-ufesba-em-teixeira-de-freitas\/","title":{"rendered":"Governador assina termo para instala\u00e7\u00e3o da Ufesba em Teixeira de Freitas"},"content":{"rendered":"<p><a href=\"http:\/\/www.blogdothame.blog.br\/v1\/wp-content\/uploads\/2013\/11\/wagner-ufesba-tf.jpg\"><img loading=\"lazy\" class=\"alignright size-medium wp-image-25887\" alt=\"wagner ufesba tf\" src=\"http:\/\/www.blogdothame.blog.br\/v1\/wp-content\/uploads\/2013\/11\/wagner-ufesba-tf-300x200.jpg\" width=\"300\" height=\"200\" srcset=\"https:\/\/www.blogdothame.blog.br\/v1\/wp-content\/uploads\/2013\/11\/wagner-ufesba-tf-300x200.jpg 300w, https:\/\/www.blogdothame.blog.br\/v1\/wp-content\/uploads\/2013\/11\/wagner-ufesba-tf.jpg 885w\" sizes=\"(max-width: 300px) 100vw, 300px\" \/><\/a>O governador Jaques Wagner assinou nesta quinta-feira (29), em Teixeira de Freitas, o termo de coopera\u00e7\u00e3o t\u00e9cnica que vai possibilitar a implanta\u00e7\u00e3o na cidade do campus Paulo Freire da Universidade Federal do Sul da Bahia (Ufesba). O campus ter\u00e1 um Centro de Forma\u00e7\u00e3o em Ci\u00eancias da Sa\u00fade (CFCS) e um Instituto de Humanidades, Artes e Ci\u00eancias (IHAC).<\/p>\n<p>&#8220;Esse \u00e9 um projeto inovador que vai beneficiar todo o e extremo sul. \u00c9 um templo de cidadania \u00a0e dignidade para nossa juventude&#8221;, comentou o governador. Ainda segundo Wagner, as aulas devem come\u00e7ar no segundo semestre de 2014. Ser\u00e3o oferecidos cursos de medicina, enfermagem, psicologia, entre outros. De acordo com o reitor da UFSB, Naomar Almeida, ser\u00e3o abertas 600 vagas para os cursos, inicialmente, sendo que a previs\u00e3o \u00e9 ampliar para nove mil.<\/p>\n<p>Al\u00e9m de Teixeira de Freitas e Porto Seguro, a Ufesba \u00a0tem o campus Jorge Amado, em Itabuna, onde funcionam a Reitoria, Centros de Forma\u00e7\u00e3o em Ci\u00eancias, Tecnologias e Inova\u00e7\u00e3o; em Comunica\u00e7\u00e3o e Artes; e outro IHAC.<\/p>\n","protected":false},"excerpt":{"rendered":"<p>O governador Jaques Wagner assinou nesta quinta-feira (29), em Teixeira de Freitas, o termo de coopera\u00e7\u00e3o t\u00e9cnica que vai possibilitar a implanta\u00e7\u00e3o na cidade do campus Paulo Freire da Universidade Federal do Sul da Bahia (Ufesba). O campus ter\u00e1 um Centro de Forma\u00e7\u00e3o em Ci\u00eancias da Sa\u00fade (CFCS) e um Instituto de Humanidades, Artes e [&hellip;]<\/p>\n","protected":false},"author":2,"featured_media":0,"comment_status":"open","ping_status":"open","sticky":false,"template":"","format":"standard","meta":{"_links_to":"","_links_to_target":""},"categories":[1],"tags":[59,1152,341],"_links":{"self":[{"href":"https:\/\/www.blogdothame.blog.br\/v1\/wp-json\/wp\/v2\/posts\/25886"}],"collection":[{"href":"https:\/\/www.blogdothame.blog.br\/v1\/wp-json\/wp\/v2\/posts"}],"about":[{"href":"https:\/\/www.blogdothame.blog.br\/v1\/wp-json\/wp\/v2\/types\/post"}],"author":[{"embeddable":true,"href":"https:\/\/www.blogdothame.blog.br\/v1\/wp-json\/wp\/v2\/users\/2"}],"replies":[{"embeddable":true,"href":"https:\/\/www.blogdothame.blog.br\/v1\/wp-json\/wp\/v2\/comments?post=25886"}],"version-history":[{"count":1,"href":"https:\/\/www.blogdothame.blog.br\/v1\/wp-json\/wp\/v2\/posts\/25886\/revisions"}],"predecessor-version":[{"id":25888,"href":"https:\/\/www.blogdothame.blog.br\/v1\/wp-json\/wp\/v2\/posts\/25886\/revisions\/25888"}],"wp:attachment":[{"href":"https:\/\/www.blogdothame.blog.br\/v1\/wp-json\/wp\/v2\/media?parent=25886"}],"wp:term":[{"taxonomy":"category","embeddable":true,"href":"https:\/\/www.blogdothame.blog.br\/v1\/wp-json\/wp\/v2\/categories?post=25886"},{"taxonomy":"post_tag","embeddable":true,"href":"https:\/\/www.blogdothame.blog.br\/v1\/wp-json\/wp\/v2\/tags?post=25886"}],"curies":[{"name":"wp","href":"https:\/\/api.w.org\/{rel}","templated":true}]}}