{"id":25776,"date":"2013-11-27T08:49:08","date_gmt":"2013-11-27T11:49:08","guid":{"rendered":"http:\/\/www.blogdothame.blog.br\/v1\/?p=25776"},"modified":"2013-11-27T08:49:08","modified_gmt":"2013-11-27T11:49:08","slug":"onu-define-dia-internacional-contra-a-impunidade-de-crimes-contra-jornalistas","status":"publish","type":"post","link":"https:\/\/www.blogdothame.blog.br\/v1\/2013\/11\/27\/onu-define-dia-internacional-contra-a-impunidade-de-crimes-contra-jornalistas\/","title":{"rendered":"ONU define Dia Internacional contra a Impunidade de Crimes contra Jornalistas"},"content":{"rendered":"<p><a href=\"http:\/\/www.blogdothame.blog.br\/v1\/wp-content\/uploads\/2013\/11\/jornalistas.jpg\"><img loading=\"lazy\" class=\"alignright size-medium wp-image-25777\" alt=\"jornalistas\" src=\"http:\/\/www.blogdothame.blog.br\/v1\/wp-content\/uploads\/2013\/11\/jornalistas-300x218.jpg\" width=\"300\" height=\"218\" srcset=\"https:\/\/www.blogdothame.blog.br\/v1\/wp-content\/uploads\/2013\/11\/jornalistas-300x218.jpg 300w, https:\/\/www.blogdothame.blog.br\/v1\/wp-content\/uploads\/2013\/11\/jornalistas.jpg 330w\" sizes=\"(max-width: 300px) 100vw, 300px\" \/><\/a>A Assembleia Geral das Na\u00e7\u00f5es Unidas (ONU) vai decretar o dia 2 de novembro Dia Internacional contra a Impunidade de Crimes contra Jornalistas. Essa \u00e9 a data em que foram assassinados dois jornalistas franceses no Mali. O an\u00fancio foi feito hoje (26) pelo ministro dos Neg\u00f3cios Estrangeiros da Fran\u00e7a, Laurent Fabius. Segundo ele, a vota\u00e7\u00e3o na organiza\u00e7\u00e3o dever\u00e1 ser feita hoje (26).<\/p>\n<p>&#8220;Com base em uma proposta da Fran\u00e7a, a Assembleia Geral vai aprovar \u2013 \u00e9 simb\u00f3lico, mas importante \u2013 um dia internacional para lutar contra a impunidade dos crimes contra os jornalistas. Pedimos e conseguimos que a data internacional seja o dia 2 de novembro, o dia do assassinato de Ghislaine Dupont e Claude Verlon. A partir de agora, todos os anos haver\u00e1 esse dia em refer\u00eancia aos colegas franceses assassinados e \u00e0 necess\u00e1ria prote\u00e7\u00e3o aos jornalistas&#8221;, disse Fabius.<\/p>\n<p>No dia 2 de novembro deste ano, Ghislaine Dupont, 57 anos, e Claude Verlon, de 55 anos, jornalista e t\u00e9cnico na R\u00e1dio Fran\u00e7a Internacional, estavam em reportagem em Kidal, no Norte do Mali, quando foram sequestrados por homens armados. Seus corpos foram encontrados menos de duas horas mais tarde por uma patrulha<\/p>\n<p>&#8220;Pela defesa do direito de informar e de ser informado, \u00e9 preciso apoiar firmemente a profiss\u00e3o do jornalista e ser rigoroso quando ocorrem ataques e crimes&#8221;, explicou Fabius. (c<em>om informa\u00e7\u00f5es da Ag\u00eancia Lusa)<\/em><\/p>\n","protected":false},"excerpt":{"rendered":"<p>A Assembleia Geral das Na\u00e7\u00f5es Unidas (ONU) vai decretar o dia 2 de novembro Dia Internacional contra a Impunidade de Crimes contra Jornalistas. Essa \u00e9 a data em que foram assassinados dois jornalistas franceses no Mali. O an\u00fancio foi feito hoje (26) pelo ministro dos Neg\u00f3cios Estrangeiros da Fran\u00e7a, Laurent Fabius. Segundo ele, a vota\u00e7\u00e3o [&hellip;]<\/p>\n","protected":false},"author":2,"featured_media":0,"comment_status":"open","ping_status":"open","sticky":false,"template":"","format":"standard","meta":{"_links_to":"","_links_to_target":""},"categories":[1],"tags":[8347,8348],"_links":{"self":[{"href":"https:\/\/www.blogdothame.blog.br\/v1\/wp-json\/wp\/v2\/posts\/25776"}],"collection":[{"href":"https:\/\/www.blogdothame.blog.br\/v1\/wp-json\/wp\/v2\/posts"}],"about":[{"href":"https:\/\/www.blogdothame.blog.br\/v1\/wp-json\/wp\/v2\/types\/post"}],"author":[{"embeddable":true,"href":"https:\/\/www.blogdothame.blog.br\/v1\/wp-json\/wp\/v2\/users\/2"}],"replies":[{"embeddable":true,"href":"https:\/\/www.blogdothame.blog.br\/v1\/wp-json\/wp\/v2\/comments?post=25776"}],"version-history":[{"count":1,"href":"https:\/\/www.blogdothame.blog.br\/v1\/wp-json\/wp\/v2\/posts\/25776\/revisions"}],"predecessor-version":[{"id":25778,"href":"https:\/\/www.blogdothame.blog.br\/v1\/wp-json\/wp\/v2\/posts\/25776\/revisions\/25778"}],"wp:attachment":[{"href":"https:\/\/www.blogdothame.blog.br\/v1\/wp-json\/wp\/v2\/media?parent=25776"}],"wp:term":[{"taxonomy":"category","embeddable":true,"href":"https:\/\/www.blogdothame.blog.br\/v1\/wp-json\/wp\/v2\/categories?post=25776"},{"taxonomy":"post_tag","embeddable":true,"href":"https:\/\/www.blogdothame.blog.br\/v1\/wp-json\/wp\/v2\/tags?post=25776"}],"curies":[{"name":"wp","href":"https:\/\/api.w.org\/{rel}","templated":true}]}}