{"id":25767,"date":"2013-11-26T16:52:04","date_gmt":"2013-11-26T19:52:04","guid":{"rendered":"http:\/\/www.blogdothame.blog.br\/v1\/?p=25767"},"modified":"2013-11-26T16:52:04","modified_gmt":"2013-11-26T19:52:04","slug":"eduardo-salles-alerta-que-questoes-trabalhistas-podem-inviabilizar-a-cafeicultura-na-bahia-e-no-brasil","status":"publish","type":"post","link":"https:\/\/www.blogdothame.blog.br\/v1\/2013\/11\/26\/eduardo-salles-alerta-que-questoes-trabalhistas-podem-inviabilizar-a-cafeicultura-na-bahia-e-no-brasil\/","title":{"rendered":"Eduardo Salles alerta que quest\u00f5es trabalhistas podem inviabilizar a cafeicultura na Bahia e no Brasil"},"content":{"rendered":"<p><a href=\"http:\/\/www.blogdothame.blog.br\/v1\/wp-content\/uploads\/2013\/11\/Foto-Simpo\u00f3sio-3.jpg\"><img loading=\"lazy\" class=\"aligncenter size-medium wp-image-25768\" alt=\"Foto Simpo\u00f3sio 3\" src=\"http:\/\/www.blogdothame.blog.br\/v1\/wp-content\/uploads\/2013\/11\/Foto-Simpo\u00f3sio-3-300x200.jpg\" width=\"300\" height=\"200\" srcset=\"https:\/\/www.blogdothame.blog.br\/v1\/wp-content\/uploads\/2013\/11\/Foto-Simpo\u00f3sio-3-300x200.jpg 300w, https:\/\/www.blogdothame.blog.br\/v1\/wp-content\/uploads\/2013\/11\/Foto-Simpo\u00f3sio-3.jpg 729w\" sizes=\"(max-width: 300px) 100vw, 300px\" \/><\/a>A burocratiza\u00e7\u00e3o das quest\u00f5es trabalhistas inviabiliza a atividade cafeeira no Brasil e na Bahia. Essa afirma\u00e7\u00e3o foi feita pelo secret\u00e1rio estadual da Agricultura, engenheiro agr\u00f4nomo Eduardo Salles, durante a palestra que marcou a abertura do VIII Simp\u00f3sio de Pesquisa dos Caf\u00e9s do Brasil, com o tema \u201cAtividade Cafeeira com Sustentabilidade e Inclus\u00e3o Social\u201d, nesta segunda-feira (25). Al\u00e9m de apresentar o panorama atual da situa\u00e7\u00e3o da cafeicultura na Bahia, o\u00a0secret\u00e1rio afirmou, com a experi\u00eancia de quem foi diretor, vice-presidente, presidente por duas vezes da Assocaf\u00e9 e criador do concurso de caf\u00e9s especiais na Bahia com gr\u00e3os selecionados premiados nacionalmente e internacionalmente, que\u00a0a sustentabilidade do setor cafeeiro est\u00e1 diretamente relacionada \u00e0 quest\u00e3o trabalhista.\u00a0\u201cTenho uma hist\u00f3ria dedicada \u00e0 cafeicultura, participei dos grandes eventos nacionais e internacionais do caf\u00e9 e conhe\u00e7o de perto as dificuldades enfrentadas pelos cafeicultores do Estado. A inclus\u00e3o social passa pela deburocratiza\u00e7\u00e3o trabalhista. Muitas fazendas de caf\u00e9 est\u00e3o fechando por conta desse problema\u201d, enfatizou.<\/p>\n<p><!--more--><\/p>\n<p>O simp\u00f3sio acontece num momento importante para os produtores de caf\u00e9 do Brasil, em que o Conselho Monet\u00e1rio Nacional\u00a0aprovou a renegocia\u00e7\u00e3o e o adiamento do pagamento de d\u00edvidas de cafeicultores com vencimento entre julho de 2013 e junho do pr\u00f3ximo ano, transferido para 2015. A medida, aprovada na \u00faltima sexta-feira (22), est\u00e1\u00a0restrita aos produtores de caf\u00e9 da variedade ar\u00e1bica e suas cooperativas. \u201c\u00c9 evidente que demos um passo importante, mas \u00e9 um absurdo que o caf\u00e9 conillon n\u00e3o tenha sido contemplado, porque essa variedade est\u00e1 passando por um momento muito complicado que precisa ser revertido\u201d.<\/p>\n<p>Eduardo Salles lembra que no per\u00edodo em que esteve \u00e0 frente da Associa\u00e7\u00e3o dos\u00a0Produtores de Caf\u00e9 da Bahia (Assocaf\u00e9), prop\u00f4s o \u201cSimples\u201d para a cafeicultura, (regime tribut\u00e1rio diferenciado semelhante ao aplicado em\u00a0Microempresas e Empresas de Pequeno Porte), sem perdas para trabalhadores e produtores. \u201cAtualmente o trabalhador que recebe por produtividade atua na colheita de uma fazenda e vai migrando de uma para a outra de acordo com a remunera\u00e7\u00e3o. O objetivo \u00e9 formalizar essa pr\u00e1tica, fazendo com que o empregador possa recolher os recursos e encargos baseando-se no tempo trabalhado, sem precisar assinar a carteira do trabalhador apenas por alguns dias. Essa burocracia trabalhista faz com que os trabalhadores percam seus empregos\u201d, disse Salles destacando que, a\u00a0cafeicultura \u00e9 uma das atividades que mais empregam na Bahia e no Brasil, mas para dar sustentabilidade ao setor \u00e9 preciso desburocratizar a quest\u00e3o trabalhista, sem ferir os direitos do trabalhador. \u201cPara isso \u00e9 necess\u00e1rio o apoio dos deputados estaduais, federais e dos senadores empunhando essa bandeira, para que dessa maneira, avancemos nas quest\u00f5es trabalhistas\u201d, afirmou.<\/p>\n<p>Na condi\u00e7\u00e3o de presidente do Conselho Nacional de Secret\u00e1rios de Estado de Agricultura (Conseagri), o secret\u00e1rio Eduardo Salles vai colocar em pauta, na pr\u00f3xima reuni\u00e3o de da entidade, no dia 6 de dezembro deste ano, durante a Fenagro, em Salvador, as condi\u00e7\u00f5es trabalhistas na cafeicultura. \u201cVamos encaminhar of\u00edcios aos deputados federais e senadores pleiteando quest\u00f5es como a desburocratiza\u00e7\u00e3o das condi\u00e7\u00f5es trabalhistas, a inser\u00e7\u00e3o do Conillon na renegocia\u00e7\u00e3o e o aumento do pre\u00e7o m\u00ednimo dessa variedade. \u201cO pre\u00e7o m\u00ednimo do caf\u00e9 ar\u00e1bica subiu e o do conillon permaneceu o mesmo, ficando muito abaixo do pre\u00e7o de produ\u00e7\u00e3o, enfatizou Salles destacando que \u201d.<\/p>\n<p>\u201cA medida contempla apenas os produtores do caf\u00e9 ar\u00e1bica, por conta dos grandes estoques do gr\u00e3o, com pre\u00e7os em queda h\u00e1 tr\u00eas anos. A situa\u00e7\u00e3o do conillon \u00e9 menos cr\u00edtica, os estoques v\u00eam se acumulando h\u00e1 dois meses. No entanto, temos atualmente os piores pre\u00e7os da hist\u00f3ria do caf\u00e9, na \u00faltima atualiza\u00e7\u00e3o de pre\u00e7os feita pela Conab, o caf\u00e9 ar\u00e1bica foi reajustado para R$ 307,00 a saca, e o conillon, que n\u00e3o sofreu reajuste, permaneceu com o valor de R$ 157,00 a saca \u201d, destacou o presidente da Associa\u00e7\u00e3o dos Produtores de Caf\u00e9 da Bahia (Assocaf\u00e9), Jo\u00e3o Lopes, ressaltando que a renegocia\u00e7\u00e3o num momento de crise \u00e9 sempre bem recebida, mas ainda n\u00e3o \u00e9 o suficiente.<\/p>\n<p><b>Carta da Bahia<\/b><\/p>\n<p>Diante da situa\u00e7\u00e3o cr\u00edtica enfrentada pela cafeicultura no Brasil e na Bahia, agravada pela estiagem prolongada que atinge o Estado, cafeicultores das regi\u00f5es Sul e Extremo Sul e representantes do setor produtivo estiveram reunidos na Secret\u00e1ria de Rela\u00e7\u00f5es Internacionais (Serin), para debater e estabelecer medidas emergenciais de supera\u00e7\u00e3o desse momento dif\u00edcil da produ\u00e7\u00e3o.<\/p>\n<p>As demandas levantadas foram documentadas e encaminhadas ao governador Jacques Wagner, que contatou de imediato os ministros da Agricultura e da Fazenda, para discutir o assunto. Ficou estabelecida tamb\u00e9m, uma reuni\u00e3o extraordin\u00e1ria da C\u00e2mara Setorial do Caf\u00e9, prevista para acontecer no dia 28 de novembro, para finalizar um documento denominado \u201cCarta da Bahia\u201d, contendo todas as reivindica\u00e7\u00f5es dos cafeicultores da Bahia, que ser\u00e1 formalmente entregue pelo secret\u00e1rio Eduardo Salles, ao governador do Estado durante a Fenagro, no Parque de Exposi\u00e7\u00f5es de Salvador.<\/p>\n","protected":false},"excerpt":{"rendered":"<p>A burocratiza\u00e7\u00e3o das quest\u00f5es trabalhistas inviabiliza a atividade cafeeira no Brasil e na Bahia. Essa afirma\u00e7\u00e3o foi feita pelo secret\u00e1rio estadual da Agricultura, engenheiro agr\u00f4nomo Eduardo Salles, durante a palestra que marcou a abertura do VIII Simp\u00f3sio de Pesquisa dos Caf\u00e9s do Brasil, com o tema \u201cAtividade Cafeeira com Sustentabilidade e Inclus\u00e3o Social\u201d, nesta segunda-feira [&hellip;]<\/p>\n","protected":false},"author":2,"featured_media":0,"comment_status":"open","ping_status":"open","sticky":false,"template":"","format":"standard","meta":{"_links_to":"","_links_to_target":""},"categories":[1],"tags":[93,138,8339,8340],"_links":{"self":[{"href":"https:\/\/www.blogdothame.blog.br\/v1\/wp-json\/wp\/v2\/posts\/25767"}],"collection":[{"href":"https:\/\/www.blogdothame.blog.br\/v1\/wp-json\/wp\/v2\/posts"}],"about":[{"href":"https:\/\/www.blogdothame.blog.br\/v1\/wp-json\/wp\/v2\/types\/post"}],"author":[{"embeddable":true,"href":"https:\/\/www.blogdothame.blog.br\/v1\/wp-json\/wp\/v2\/users\/2"}],"replies":[{"embeddable":true,"href":"https:\/\/www.blogdothame.blog.br\/v1\/wp-json\/wp\/v2\/comments?post=25767"}],"version-history":[{"count":1,"href":"https:\/\/www.blogdothame.blog.br\/v1\/wp-json\/wp\/v2\/posts\/25767\/revisions"}],"predecessor-version":[{"id":25769,"href":"https:\/\/www.blogdothame.blog.br\/v1\/wp-json\/wp\/v2\/posts\/25767\/revisions\/25769"}],"wp:attachment":[{"href":"https:\/\/www.blogdothame.blog.br\/v1\/wp-json\/wp\/v2\/media?parent=25767"}],"wp:term":[{"taxonomy":"category","embeddable":true,"href":"https:\/\/www.blogdothame.blog.br\/v1\/wp-json\/wp\/v2\/categories?post=25767"},{"taxonomy":"post_tag","embeddable":true,"href":"https:\/\/www.blogdothame.blog.br\/v1\/wp-json\/wp\/v2\/tags?post=25767"}],"curies":[{"name":"wp","href":"https:\/\/api.w.org\/{rel}","templated":true}]}}