{"id":25739,"date":"2013-11-26T10:28:51","date_gmt":"2013-11-26T13:28:51","guid":{"rendered":"http:\/\/www.blogdothame.blog.br\/v1\/?p=25739"},"modified":"2013-11-26T09:33:58","modified_gmt":"2013-11-26T12:33:58","slug":"wagner-comemora-alcance-social-e-dinamismo-da-economia-nos-dez-anos-do-bolsa-familia","status":"publish","type":"post","link":"https:\/\/www.blogdothame.blog.br\/v1\/2013\/11\/26\/wagner-comemora-alcance-social-e-dinamismo-da-economia-nos-dez-anos-do-bolsa-familia\/","title":{"rendered":"Wagner comemora alcance social e dinamismo da economia nos dez anos do Bolsa Fam\u00edlia"},"content":{"rendered":"<p>O sucesso do programa Bolsa Fam\u00edlia na Bahia, que em dez anos passou de 520 mil fam\u00edlias beneficiadas para 1,8 milh\u00e3o, \u00e9 destaque do Conversa com o Governador desta ter\u00e7a-feira (26). \u201cIsso significa, por ano, uma inje\u00e7\u00e3o na economia baiana da ordem de R$3,3 bilh\u00f5es. Ent\u00e3o, \u00e9 muito dinheiro que dinamiza a economia, principalmente nos pequenos munic\u00edpios, que n\u00e3o t\u00eam uma receita pr\u00f3pria\u201d, afirma Jaques Wagner.<\/p>\n<p>Ele salienta ainda que a Bahia \u00e9 o estado que mais diminuiu a pobreza no Brasil &#8211; 36% nos seis primeiros anos de governo. O Bolsa Fam\u00edlia integra o plano Brasil Sem Mis\u00e9ria, e, segundo Wagner \u00e9 \u201co maior programa de transfer\u00eancia de renda do mundo\u201d. Nesta quinta (28), o governo far\u00e1 \u201cuma grande comemora\u00e7\u00e3o\u201d para marcar o programa criado pelo ex-presidente\u00a0Luiz\u00a0In\u00e1cio Lula da Silva.<\/p>\n<p>Na solenidade \u00e0s 19h, no Grand Hotel Stella Maris, em Salvador, \u00a0organizada pela Secretaria de Desenvolvimento Social e Combate \u00e0 Pobreza (Sedes), estar\u00e1 presente a ministra de Desenvolvimento Social, Tereza Campello.<\/p>\n<p>Durante o programa de r\u00e1dio, o governador tamb\u00e9m fala da sua extensa agenda de visitas ao interior para inaugura\u00e7\u00f5es nas \u00e1reas da ind\u00fastria, educa\u00e7\u00e3o, habita\u00e7\u00e3o e infraestrutura. \u201cMe alegro muito porque nesse momento n\u00f3s temos 500 investimentos novos na Bahia &#8211; de ind\u00fastrias totalmente novas ou que est\u00e3o fazendo investimento em amplia\u00e7\u00e3o e moderniza\u00e7\u00e3o\u201d.<\/p>\n<p><!--more--><\/p>\n<p><b>Social<\/b><\/p>\n<p>Wagner come\u00e7a o programa destacando a sua participa\u00e7\u00e3o, no in\u00edcio deste m\u00eas, em Bras\u00edlia, junto com a presidente Dilma Rousseff, da comemora\u00e7\u00e3o dos dez anos do Bolsa Fam\u00edlia. \u201cRealmente h\u00e1 muito o que comemorar. Eu considero que o Bolsa Fam\u00edlia,<i>\u00a0<\/i>nesses dez anos, foi um grande elemento alavancador desse momento que estamos vivendo\u201d.<\/p>\n<p>O governador diz que o Bolsa Fam\u00edlia n\u00e3o \u00e9 s\u00f3 um programa social. \u201c\u00c9 tamb\u00e9m um grande programa de microeconomia. Veja pela Bahia. Nesses dez anos, sa\u00edmos de 520 mil fam\u00edlias para 1,8 milh\u00e3o de fam\u00edlias beneficiadas. Ent\u00e3o, melhora socialmente a vida das pessoas e dinamiza muito a nossa economia\u201d. Ele enfatiza que o programa, ao lado da aposentadoria do trabalhador rural e do Benef\u00edcio de Presta\u00e7\u00e3o Continuada, fez \u201cmilh\u00f5es de baianos sa\u00edrem da extrema pobreza para uma condi\u00e7\u00e3o muito melhor\u201d.<\/p>\n<p>Jaques Wagner diz que se orgulha \u201cmuito de ser governador da Bahia\u201d, o estado que mais reduziu a pobreza no pa\u00eds. \u201c\u00c9 muita gente beneficiada. Espero que o Bolsa Fam\u00edlia, a cada ano, com a presidenta Dilma, possa ir melhorando a sua forma\u201d. Ele destaca o Cadastro \u00danico, \u201cpor meio do qual se faz a busca ativa para ver quem \u00e9 necessitado\u201d, ajudando a ampliar o benef\u00edcio.<\/p>\n<p>Wagner tamb\u00e9m elogia a presidenta Dilma que, \u201ctalvez por sua sensibilidade como mulher, m\u00e3e e av\u00f3\u201d, ampliou o Bolsa Fam\u00edlia. \u00a0\u201cFoi um incremento que ela fez. Com isso, tenho certeza que\u00a0tranquilizou\u00a0o cora\u00e7\u00e3o de muitas m\u00e3es que tinham dificuldades de fazer esse processo. Isso \u00e9 investimento no social, \u00e9 melhoria da condi\u00e7\u00e3o de vida das pessoas e tamb\u00e9m \u00e9 uma grande roda para ajudar a economia\u201d.<\/p>\n<p><b>\u00a0<\/b><b>Ind\u00fastria<\/b><\/p>\n<p>No programa de r\u00e1dio, o governador informa que nesta quinta (28), ele estar\u00e1 no munic\u00edpio de Cama\u00e7ari, onde a empresa ITF Chemical vai inaugurar uma nova planta. Por meio de parceria com a Bahiafarma, v\u00e3o ser produzidos medicamentos destinados a renais cr\u00f4nicos, com investimento de R$ 30 milh\u00f5es.<\/p>\n<p>Ainda em Cama\u00e7ari, ele entrega mais moradias do programa Minha Casa Minha Vida. S\u00e3o 868 unidades dos condom\u00ednios Morada dos Can\u00e1rios e Morada dos Sabi\u00e1s, com investimento de R$ 50 milh\u00f5es. Como afirma Jaques Wagner, a a\u00e7\u00e3o significa \u201cmais casas para nossa gente viver e dar dignidade \u00e0s suas fam\u00edlias\u201d.<\/p>\n<p>No mesmo dia, o governador estar\u00e1\u00a0em Santo Ant\u00f4nio\u00a0de Jesus para inaugurar a primeira etapa da f\u00e1brica do grupo Natulab e entregar o novo centro de distribui\u00e7\u00e3o da companhia, que j\u00e1 funciona no munic\u00edpio \u201cEssa \u00e9 uma amplia\u00e7\u00e3o e, portanto, mais gera\u00e7\u00e3o de emprego e mais dinamismo da nossa economia\u201d.<\/p>\n<p>Segundo o governador, s\u00e3o 500 investimentos novos na Bahia, de ind\u00fastrias novas ou de empreendimentos como a Natulab que est\u00e3o fazendo investimento em amplia<\/p>\n","protected":false},"excerpt":{"rendered":"<p>O sucesso do programa Bolsa Fam\u00edlia na Bahia, que em dez anos passou de 520 mil fam\u00edlias beneficiadas para 1,8 milh\u00e3o, \u00e9 destaque do Conversa com o Governador desta ter\u00e7a-feira (26). \u201cIsso significa, por ano, uma inje\u00e7\u00e3o na economia baiana da ordem de R$3,3 bilh\u00f5es. Ent\u00e3o, \u00e9 muito dinheiro que dinamiza a economia, principalmente nos [&hellip;]<\/p>\n","protected":false},"author":2,"featured_media":0,"comment_status":"closed","ping_status":"closed","sticky":false,"template":"","format":"standard","meta":{"_links_to":"","_links_to_target":""},"categories":[1],"tags":[],"_links":{"self":[{"href":"https:\/\/www.blogdothame.blog.br\/v1\/wp-json\/wp\/v2\/posts\/25739"}],"collection":[{"href":"https:\/\/www.blogdothame.blog.br\/v1\/wp-json\/wp\/v2\/posts"}],"about":[{"href":"https:\/\/www.blogdothame.blog.br\/v1\/wp-json\/wp\/v2\/types\/post"}],"author":[{"embeddable":true,"href":"https:\/\/www.blogdothame.blog.br\/v1\/wp-json\/wp\/v2\/users\/2"}],"replies":[{"embeddable":true,"href":"https:\/\/www.blogdothame.blog.br\/v1\/wp-json\/wp\/v2\/comments?post=25739"}],"version-history":[{"count":2,"href":"https:\/\/www.blogdothame.blog.br\/v1\/wp-json\/wp\/v2\/posts\/25739\/revisions"}],"predecessor-version":[{"id":25742,"href":"https:\/\/www.blogdothame.blog.br\/v1\/wp-json\/wp\/v2\/posts\/25739\/revisions\/25742"}],"wp:attachment":[{"href":"https:\/\/www.blogdothame.blog.br\/v1\/wp-json\/wp\/v2\/media?parent=25739"}],"wp:term":[{"taxonomy":"category","embeddable":true,"href":"https:\/\/www.blogdothame.blog.br\/v1\/wp-json\/wp\/v2\/categories?post=25739"},{"taxonomy":"post_tag","embeddable":true,"href":"https:\/\/www.blogdothame.blog.br\/v1\/wp-json\/wp\/v2\/tags?post=25739"}],"curies":[{"name":"wp","href":"https:\/\/api.w.org\/{rel}","templated":true}]}}