{"id":25711,"date":"2013-11-25T16:06:25","date_gmt":"2013-11-25T19:06:25","guid":{"rendered":"http:\/\/www.blogdothame.blog.br\/v1\/?p=25711"},"modified":"2013-11-25T16:06:39","modified_gmt":"2013-11-25T19:06:39","slug":"governo-da-bahia-e-empresarios-assinam-protocolo-para-novo-polo-industrial","status":"publish","type":"post","link":"https:\/\/www.blogdothame.blog.br\/v1\/2013\/11\/25\/governo-da-bahia-e-empresarios-assinam-protocolo-para-novo-polo-industrial\/","title":{"rendered":"Governo da Bahia e empres\u00e1rios assinam protocolo para novo polo industrial"},"content":{"rendered":"<p>O Governo da Bahia assina protocolo de inten\u00e7\u00f5es nesta ter\u00e7a-feira (26), \u00e0s 9h, com as empresas ASK, OAS, Odebrecht e UTC para implanta\u00e7\u00e3o de um o complexo industrial denominado Polo Produtivo 2 de Julho, no munic\u00edpio de Maragogipe, no Rec\u00f4ncavo. O Estaleiro Enseada do Paragua\u00e7u (EEP) tamb\u00e9m assinar\u00e1 o documento. O ato ser\u00e1 na Governadoria, Centro Administrativo da Bahia, com a presen\u00e7a do governador Jaques Wagner e representantes das empresas.<\/p>\n<p>O novo complexo tem o objetivo de atender a crescente demanda da ind\u00fastria de \u00f3leo e g\u00e1s do pr\u00e9-sal e do p\u00f3s-sal e a revitaliza\u00e7\u00e3o da ind\u00fastria naval na B\u00e1ia de Todos-os-Santos, o empreendimento deve gerar cerca de 10 mil empregos diretos e 20 mil indiretos, segundo informa\u00e7\u00f5es das empresas s\u00f3cias. A previs\u00e3o de investimentos \u00e9 de R$ 2 bilh\u00f5es.<\/p>\n<p>As empresas que se instalar\u00e3o no complexo ser\u00e3o selecionadas a partir da identifica\u00e7\u00e3o das principais cadeias de produ\u00e7\u00e3o e da infraestrutura a ser implantada na regi\u00e3o. Assim, as ind\u00fastrias que compor\u00e3o o complexo ser\u00e3o forjarias, fundi\u00e7\u00f5es, ind\u00fastrias de metal mec\u00e2nica, sistemas e fornecedores, produzindo m\u00f3dulos de acomoda\u00e7\u00e3o naval, de processo de tratamento e outros, voltadas para o EEP.<\/p>\n<p>De acordo com o documento, o Estado assumir\u00e1 obriga\u00e7\u00f5es de fornecer a infraestrutura externa necess\u00e1ria para o desenvolvimento das atividades do polo, como \u00e1gua, esgoto, acesso e, ainda, benef\u00edcios fiscais para as empresas investidoras no Polo 2 de Julho.<\/p>\n<p>&nbsp;<\/p>\n<p>&nbsp;<\/p>\n","protected":false},"excerpt":{"rendered":"<p>O Governo da Bahia assina protocolo de inten\u00e7\u00f5es nesta ter\u00e7a-feira (26), \u00e0s 9h, com as empresas ASK, OAS, Odebrecht e UTC para implanta\u00e7\u00e3o de um o complexo industrial denominado Polo Produtivo 2 de Julho, no munic\u00edpio de Maragogipe, no Rec\u00f4ncavo. O Estaleiro Enseada do Paragua\u00e7u (EEP) tamb\u00e9m assinar\u00e1 o documento. O ato ser\u00e1 na Governadoria, [&hellip;]<\/p>\n","protected":false},"author":2,"featured_media":0,"comment_status":"open","ping_status":"open","sticky":false,"template":"","format":"standard","meta":{"_links_to":"","_links_to_target":""},"categories":[1],"tags":[8320,16,8319,8321,8322,8323],"_links":{"self":[{"href":"https:\/\/www.blogdothame.blog.br\/v1\/wp-json\/wp\/v2\/posts\/25711"}],"collection":[{"href":"https:\/\/www.blogdothame.blog.br\/v1\/wp-json\/wp\/v2\/posts"}],"about":[{"href":"https:\/\/www.blogdothame.blog.br\/v1\/wp-json\/wp\/v2\/types\/post"}],"author":[{"embeddable":true,"href":"https:\/\/www.blogdothame.blog.br\/v1\/wp-json\/wp\/v2\/users\/2"}],"replies":[{"embeddable":true,"href":"https:\/\/www.blogdothame.blog.br\/v1\/wp-json\/wp\/v2\/comments?post=25711"}],"version-history":[{"count":2,"href":"https:\/\/www.blogdothame.blog.br\/v1\/wp-json\/wp\/v2\/posts\/25711\/revisions"}],"predecessor-version":[{"id":25713,"href":"https:\/\/www.blogdothame.blog.br\/v1\/wp-json\/wp\/v2\/posts\/25711\/revisions\/25713"}],"wp:attachment":[{"href":"https:\/\/www.blogdothame.blog.br\/v1\/wp-json\/wp\/v2\/media?parent=25711"}],"wp:term":[{"taxonomy":"category","embeddable":true,"href":"https:\/\/www.blogdothame.blog.br\/v1\/wp-json\/wp\/v2\/categories?post=25711"},{"taxonomy":"post_tag","embeddable":true,"href":"https:\/\/www.blogdothame.blog.br\/v1\/wp-json\/wp\/v2\/tags?post=25711"}],"curies":[{"name":"wp","href":"https:\/\/api.w.org\/{rel}","templated":true}]}}