{"id":25509,"date":"2013-11-20T07:36:52","date_gmt":"2013-11-20T10:36:52","guid":{"rendered":"http:\/\/www.blogdothame.blog.br\/v1\/?p=25509"},"modified":"2013-11-20T08:09:01","modified_gmt":"2013-11-20T11:09:01","slug":"25509","status":"publish","type":"post","link":"https:\/\/www.blogdothame.blog.br\/v1\/2013\/11\/20\/25509\/","title":{"rendered":"Consciencia negra e a luta pela igualdade racial"},"content":{"rendered":"<p align=\"right\"><b>Sione Porto<\/b><\/p>\n<p><a href=\"http:\/\/www.blogdothame.blog.br\/v1\/wp-content\/uploads\/2013\/11\/sione.jpg\"><img loading=\"lazy\" class=\"alignright size-thumbnail wp-image-25510\" alt=\"sione\" src=\"http:\/\/www.blogdothame.blog.br\/v1\/wp-content\/uploads\/2013\/11\/sione-150x150.jpg\" width=\"150\" height=\"150\" \/><\/a>O importante dia da Consci\u00eancia Negra, comemorado em 20 de novembro, em homenagem \u00e0 morte de Zumbi, o lend\u00e1rio l\u00edder negro do Quilombo dos Palmares, teve como fato impulsor o resgate pela Igualdade e Liberdade Racial.<\/p>\n<p>A escravid\u00e3o no Brasil e no mundo teve alijamento que repercutiu por s\u00e9culos, envolvendo os interesses da monarquia, elites aristocr\u00e1ticas e senhores dos engenhos de a\u00e7\u00facar e caf\u00e9, principais recursos da \u00e9poca.<\/p>\n<p>De um modo geral, a hist\u00f3ria transmitiu os horrores da \u00e9poca escravocrata, mas, muitas vezes, s\u00e3o escassas as informa\u00e7\u00f5es, inclusive por culpa de quem sofreu preconceito, racismo e intoler\u00e2ncia, j\u00e1 que tem vergonha de declarar e romper com o imobilismo, numa demonstra\u00e7\u00e3o de maturidade social, pre\u00e7o do grande erro da sociedade, um c\u00e2ncer que j\u00e1 deveria ser extirpado da na\u00e7\u00e3o humana.<\/p>\n<p><!--more--><!--more--><\/p>\n<p>O racismo se destaca em todos os seguimentos: futebol, jornalismo, modelos, cantores, atores, esportistas, escritores, poetas, presidente e ministros. Corajosos denunciantes, como Roberto Carlos, campe\u00e3o da Sele\u00e7\u00e3o Brasileira, chamado de macaco; a apresentadora Oprah Winfrey; a jornalista Gl\u00f3ria Maria; a atriz Thalma de Freitas; o cantor Seu Jorge, assim como Preta Gil, Rihanna, Anderson Silva, MMA, Machado de Assis (\u201cmulato de alma branca\u201d), Jo\u00e3o da Cruz e Souza, Barack Obama (EUA), ministra Cristiana Taubira (Fran\u00e7a) e o ministro Joaquim Barbosa (Brasil).<\/p>\n<p>O movimento social que resgatou o antirracismo surgiu em 1971, por iniciativa do Grupo Palmares de Porto Alegre (RS), e foi assimilado em 1978, durante o Congresso do Movimento Negro Unificado Contra A Discrimina\u00e7\u00e3o Racial, hoje denominado Movimento Negro Unificado \u2013 MNU.<\/p>\n<p>Essa men\u00e7\u00e3o ao dia da Consci\u00eancia Negra, prestada ao negro Zumbi, nativo do Quilombo dos Palmares, engrandece pela sua trajet\u00f3ria, luta incans\u00e1vel pelos anseios de liberdade. Aos seis anos de idade, ele foi entregue pelos holandeses ao Padre Antonio Melo, que ensinou os primeiros Sacramentos e o batizou com o nome de Francisco.<\/p>\n<p>Nada mais justo que esse resgate, \u00e0 promo\u00e7\u00e3o pela luta contra o racismo, discrimina\u00e7\u00e3o vivida pelos negros e afrodescendentes, que deve fortalecer todos os movimentos nacionais internacionais.<\/p>\n<p>O preservado S\u00edtio Hist\u00f3rico dos Palmares, onde viveu Zumbi, foi reconhecido pelo Governo Federal em 1980. Premia-nos com a beleza singular do local, onde, al\u00e9m do Observat\u00f3rio, temos um magn\u00edfico viveiro, trilhas exuberantes, universo que banha parte de nossa hist\u00f3ria afro-brasileira. Diz ainda a lenda, que vinte mil quilombolas ali viveram, amaram, ensinaram suas cren\u00e7as e sua cultura.<\/p>\n<p>Temos hist\u00f3rias tamb\u00e9m tristes e cru\u00e9is contra os negros fuj\u00f5es dos Palmares, que sofriam pesados castigos dos l\u00edderes impiedosos, sendo torturados e, muitas vezes, executados, no chamado <i>Palco da Justi\u00e7a Severa<\/i>.<\/p>\n<p>O fen\u00f4meno Zumbi, como her\u00f3i, \u00e9 contestado, coroando-se <span style=\"text-decoration: underline;\">Ganga-Zumba<\/span> como o verdadeiro her\u00f3i dos Palmares (Jos\u00e9 Murilo Carvalho, Cidadania no Brasil).<\/p>\n<p>A data 20 de Novembro \u00e9 tamb\u00e9m intitulada Semana da Consci\u00eancia Negra, comemorada em todo o Brasil, mas centrada nos moinhos da negritude brasileira e coincide com a data de morte de Zumbi dos Palmares, que teria sido em 20\/11\/1695, segundo historiadores.<\/p>\n<p>Ap\u00f3s ter lutado bravamente pelos seus ideais de igualdade e liberdade, Zumbi, casado com Dandara, resistiu \u00e0 pesada artilharia do bandeirante paulista Domingo Jorge Velho, que n\u00e3o conseguiu captur\u00e1-lo em 1694.<\/p>\n<p>Em 1695, entretanto, tra\u00eddo por Antonio Soares e surpreendido pelo capit\u00e3o Furtado de Mendon\u00e7a, tornou-se Zumbi um m\u00e1rtir, ao ser preso e degolado, cuja cabe\u00e7a foi exposta na cidade do Recife, ap\u00f3s ser apresentada ao governador de Pernambuco Melo e Castro.<\/p>\n<p align=\"right\"><em>(*) Sione Porto \u00e9 <\/em><br \/>\n<em> Membro da Academia de Letras de Itabuna.<\/em><\/p>\n<p>&nbsp;<\/p>\n","protected":false},"excerpt":{"rendered":"<p>Sione Porto O importante dia da Consci\u00eancia Negra, comemorado em 20 de novembro, em homenagem \u00e0 morte de Zumbi, o lend\u00e1rio l\u00edder negro do Quilombo dos Palmares, teve como fato impulsor o resgate pela Igualdade e Liberdade Racial. A escravid\u00e3o no Brasil e no mundo teve alijamento que repercutiu por s\u00e9culos, envolvendo os interesses da [&hellip;]<\/p>\n","protected":false},"author":2,"featured_media":0,"comment_status":"open","ping_status":"open","sticky":false,"template":"","format":"standard","meta":{"_links_to":"","_links_to_target":""},"categories":[1],"tags":[8267,1856],"_links":{"self":[{"href":"https:\/\/www.blogdothame.blog.br\/v1\/wp-json\/wp\/v2\/posts\/25509"}],"collection":[{"href":"https:\/\/www.blogdothame.blog.br\/v1\/wp-json\/wp\/v2\/posts"}],"about":[{"href":"https:\/\/www.blogdothame.blog.br\/v1\/wp-json\/wp\/v2\/types\/post"}],"author":[{"embeddable":true,"href":"https:\/\/www.blogdothame.blog.br\/v1\/wp-json\/wp\/v2\/users\/2"}],"replies":[{"embeddable":true,"href":"https:\/\/www.blogdothame.blog.br\/v1\/wp-json\/wp\/v2\/comments?post=25509"}],"version-history":[{"count":3,"href":"https:\/\/www.blogdothame.blog.br\/v1\/wp-json\/wp\/v2\/posts\/25509\/revisions"}],"predecessor-version":[{"id":25533,"href":"https:\/\/www.blogdothame.blog.br\/v1\/wp-json\/wp\/v2\/posts\/25509\/revisions\/25533"}],"wp:attachment":[{"href":"https:\/\/www.blogdothame.blog.br\/v1\/wp-json\/wp\/v2\/media?parent=25509"}],"wp:term":[{"taxonomy":"category","embeddable":true,"href":"https:\/\/www.blogdothame.blog.br\/v1\/wp-json\/wp\/v2\/categories?post=25509"},{"taxonomy":"post_tag","embeddable":true,"href":"https:\/\/www.blogdothame.blog.br\/v1\/wp-json\/wp\/v2\/tags?post=25509"}],"curies":[{"name":"wp","href":"https:\/\/api.w.org\/{rel}","templated":true}]}}