{"id":25383,"date":"2013-11-12T09:07:15","date_gmt":"2013-11-12T12:07:15","guid":{"rendered":"http:\/\/www.blogdothame.blog.br\/v1\/?p=25383"},"modified":"2013-11-12T09:06:08","modified_gmt":"2013-11-12T12:06:08","slug":"wagner-destaca-bons-resultados-da-economia-baiana","status":"publish","type":"post","link":"https:\/\/www.blogdothame.blog.br\/v1\/2013\/11\/12\/wagner-destaca-bons-resultados-da-economia-baiana\/","title":{"rendered":"Wagner destaca bons resultados da economia baiana"},"content":{"rendered":"<p><a href=\"http:\/\/www.blogdothame.blog.br\/v1\/wp-content\/uploads\/2013\/11\/jw1.jpg\"><img loading=\"lazy\" class=\"alignleft size-medium wp-image-25363\" alt=\"jw\" src=\"http:\/\/www.blogdothame.blog.br\/v1\/wp-content\/uploads\/2013\/11\/jw1-300x290.jpg\" width=\"300\" height=\"290\" srcset=\"https:\/\/www.blogdothame.blog.br\/v1\/wp-content\/uploads\/2013\/11\/jw1-300x290.jpg 300w, https:\/\/www.blogdothame.blog.br\/v1\/wp-content\/uploads\/2013\/11\/jw1.jpg 500w\" sizes=\"(max-width: 300px) 100vw, 300px\" \/><\/a>O bom resultado da ind\u00fastria baiana, que cresceu 6,8% de agosto para setembro, \u00e9 o assunto que abre o programa Conversa com o Governador desta ter\u00e7a-feira (12). \u201c\u00c9 um crescimento quase dez vezes maior [que a m\u00e9dia nacional] e em junho a gente j\u00e1 tinha tamb\u00e9m alcan\u00e7ado um desempenho excepcional, onde a m\u00e9dia anual da ind\u00fastria tinha sido de 0,2 [%] e a nossa m\u00e9dia aqui foi 5,9 [%], praticamente 30 vezes mais \u2013 do ponto de vista anual \u2013 do que a m\u00e9dia nacional\u201d, diz Jaques Wagner,<\/p>\n<p>O governador ressalta ainda que, de 2007 at\u00e9 hoje, j\u00e1 s\u00e3o 500 novos investimentos no estado, gerando mais emprego e renda. No programa ele tamb\u00e9m fala sobre os investimentos em energia e\u00f3lica, em expans\u00e3o na Bahia, e sobre o novo carro global da Ford, que ser\u00e1 produzido em Cama\u00e7ari.<\/p>\n<p>\u201cNesta quarta-feira (13), a dire\u00e7\u00e3o mundial da Ford vai estar aqui, inclusive com um bisneto do Henry Ford, fundador da empresa. N\u00f3s j\u00e1 lan\u00e7amos o <i>Ecosport<\/i> mundial, todo desenvolvido por uma equipe de mais de mil engenheiros que trabalham aqui na nossa f\u00e1brica de Cama\u00e7ari\u201d. Para Wagner, \u201ca cerim\u00f4nia \u00e9 important\u00edssima [&#8230;], \u00e9 um orgulho ver que a ind\u00fastria baiana se qualifica cada dia mais perante o mundo<\/p>\n<p>Aproveitando o gancho de participar,<b> <\/b>esta semana, de um evento sobre energia e\u00f3lica, Wagner diz que a Bahia tem<b> <\/b>um dos maiores potenciais de energia produzida com a utiliza\u00e7\u00e3o do vento do Brasil. \u201cA gente vem se qualificando para isso. N\u00f3s trouxemos praticamente toda cadeia produtiva dos equipamentos usados na energia e\u00f3lica e sempre atraindo novos investidores. Ent\u00e3o, realmente, nesta quarta, vamos lan\u00e7ar o Mapa E\u00f3lico, que indica os potenciais de todo do Brasil. A Bahia \u2013 sozinha \u2013 representa 10% do potencial de energia dos ventos aqui do Brasil e praticamente 20% do Nordeste\u201d.<\/p>\n<p>Para o governador, esta \u00e1 uma posi\u00e7\u00e3o privilegiada, \u201cque s\u00f3 pode vir a se concretizar com o esfor\u00e7o que a gente tem feito para atrair novos investidores e a pr\u00f3pria instala\u00e7\u00e3o das fazendas e\u00f3licas\u201d.<\/p>\n<p>O governador se despede do p\u00fablico registrando<b> <\/b>o<b> <\/b>dia<b> <\/b>15 de novembro, data em que se comemora a Proclama\u00e7\u00e3o da Rep\u00fablica, \u201cquando a gente passou a ser definitivamente um pa\u00eds republicano e essa nossa hist\u00f3ria ainda \u00e9 at\u00e9 muito recente, frente a outras na\u00e7\u00f5es que j\u00e1 h\u00e1 mais tempo tinham a sua proclama\u00e7\u00e3o da rep\u00fablica. Eu acho que \u00e9 uma data que merece ser lembrada, at\u00e9 porque ela representa a fase atual em que vivemos no Brasil, um Brasil republicano\u201d.<\/p>\n<p>O programa Conversa com o Governador \u00e9 produzido pela Secretaria de Comunica\u00e7\u00e3o Social do Estado da Bahia (Secom), veiculado toda ter\u00e7a-feira, \u00e0s 7h30, pela R\u00e1dio Educadora FM 107,5 MHz e reproduzido por v\u00e1rios ve\u00edculos de comunica\u00e7\u00e3o, al\u00e9m de ficar dispon\u00edvel <a href=\"http:\/\/www.comunicacao.ba.gov.br\/conversa\">aqui<\/a>, ou ainda pelo telefone <b>0800-071-7328<\/b>.<\/p>\n","protected":false},"excerpt":{"rendered":"<p>O bom resultado da ind\u00fastria baiana, que cresceu 6,8% de agosto para setembro, \u00e9 o assunto que abre o programa Conversa com o Governador desta ter\u00e7a-feira (12). \u201c\u00c9 um crescimento quase dez vezes maior [que a m\u00e9dia nacional] e em junho a gente j\u00e1 tinha tamb\u00e9m alcan\u00e7ado um desempenho excepcional, onde a m\u00e9dia anual da [&hellip;]<\/p>\n","protected":false},"author":2,"featured_media":0,"comment_status":"open","ping_status":"open","sticky":false,"template":"","format":"standard","meta":{"_links_to":"","_links_to_target":""},"categories":[1],"tags":[1762,78,59],"_links":{"self":[{"href":"https:\/\/www.blogdothame.blog.br\/v1\/wp-json\/wp\/v2\/posts\/25383"}],"collection":[{"href":"https:\/\/www.blogdothame.blog.br\/v1\/wp-json\/wp\/v2\/posts"}],"about":[{"href":"https:\/\/www.blogdothame.blog.br\/v1\/wp-json\/wp\/v2\/types\/post"}],"author":[{"embeddable":true,"href":"https:\/\/www.blogdothame.blog.br\/v1\/wp-json\/wp\/v2\/users\/2"}],"replies":[{"embeddable":true,"href":"https:\/\/www.blogdothame.blog.br\/v1\/wp-json\/wp\/v2\/comments?post=25383"}],"version-history":[{"count":2,"href":"https:\/\/www.blogdothame.blog.br\/v1\/wp-json\/wp\/v2\/posts\/25383\/revisions"}],"predecessor-version":[{"id":25388,"href":"https:\/\/www.blogdothame.blog.br\/v1\/wp-json\/wp\/v2\/posts\/25383\/revisions\/25388"}],"wp:attachment":[{"href":"https:\/\/www.blogdothame.blog.br\/v1\/wp-json\/wp\/v2\/media?parent=25383"}],"wp:term":[{"taxonomy":"category","embeddable":true,"href":"https:\/\/www.blogdothame.blog.br\/v1\/wp-json\/wp\/v2\/categories?post=25383"},{"taxonomy":"post_tag","embeddable":true,"href":"https:\/\/www.blogdothame.blog.br\/v1\/wp-json\/wp\/v2\/tags?post=25383"}],"curies":[{"name":"wp","href":"https:\/\/api.w.org\/{rel}","templated":true}]}}