{"id":25380,"date":"2013-11-12T08:27:15","date_gmt":"2013-11-12T11:27:15","guid":{"rendered":"http:\/\/www.blogdothame.blog.br\/v1\/?p=25380"},"modified":"2013-11-12T08:27:32","modified_gmt":"2013-11-12T11:27:32","slug":"canavieiras-define-projeto-verao","status":"publish","type":"post","link":"https:\/\/www.blogdothame.blog.br\/v1\/2013\/11\/12\/canavieiras-define-projeto-verao\/","title":{"rendered":"Canavieiras define Projeto Ver\u00e3o"},"content":{"rendered":"<p><a href=\"http:\/\/www.blogdothame.blog.br\/v1\/wp-content\/uploads\/2013\/11\/canaver\u00e3o.jpg\"><img loading=\"lazy\" class=\"alignright size-full wp-image-25381\" alt=\"canaver\u00e3o\" src=\"http:\/\/www.blogdothame.blog.br\/v1\/wp-content\/uploads\/2013\/11\/canaver\u00e3o.jpg\" width=\"300\" height=\"215\" \/><\/a>A Comiss\u00e3o organizadora do Projeto Ver\u00e3o 2013-14 \u2013 integrado pelas secretarias do Turismo e Cultura \u2013 j\u00e1 definiu com o prefeito Almir Melo a data de lan\u00e7amento e in\u00edcio dos eventos. Ser\u00e1 na noite de 6 de dezembro, com apresenta\u00e7\u00f5es art\u00edsticas, culturais e esportivas durante as tardes-noites de sexta, s\u00e1bado e domingo, no s\u00edtio hist\u00f3rico. Durante todas as tardes-noites dos fins de semana ser\u00e3o feitas tr\u00eas apresenta\u00e7\u00f5es: musical, cultural e esportiva.<\/p>\n<p>De acordo com o projeto, ao entardecer de cada dia nos finais de semana, ser\u00e1 realizada uma ciranda musical no palco instalado na avenida Felinto Melo (cal\u00e7ad\u00e3o), onde se apresentar\u00e3o m\u00fasicos e Dj\u2019s da cidade e das cidades vizinhas que comp\u00f5em a Costa do Cacau. Os shows, bem variados, ser\u00e3o interativos como sugere o pr\u00f3prio local impregnado de hist\u00f3ria para contar em verso e prosa musicados.<\/p>\n<p>O \u201cPorto Cultural\u201d apresentar\u00e1, de sexta a domingo, performances de dan\u00e7a r\u00edtmica, bal\u00e9, saraus e cortejos Po\u00e9ticos, al\u00e9m de voz &amp; viol\u00e3o ao cair da tarde na rom\u00e2ntica Ponte do Lloyd onde aportavam os navios mercantes no per\u00edodo da colheita do cacau. Espa\u00e7os l\u00fadicos adequados para crian\u00e7as e idosos ser\u00e3o reservados, com atividades recreativas e culturais monitoradas, shows tem\u00e1ticos e palestras motivacionais para a terceira idade.<\/p>\n","protected":false},"excerpt":{"rendered":"<p>A Comiss\u00e3o organizadora do Projeto Ver\u00e3o 2013-14 \u2013 integrado pelas secretarias do Turismo e Cultura \u2013 j\u00e1 definiu com o prefeito Almir Melo a data de lan\u00e7amento e in\u00edcio dos eventos. Ser\u00e1 na noite de 6 de dezembro, com apresenta\u00e7\u00f5es art\u00edsticas, culturais e esportivas durante as tardes-noites de sexta, s\u00e1bado e domingo, no s\u00edtio hist\u00f3rico. [&hellip;]<\/p>\n","protected":false},"author":2,"featured_media":0,"comment_status":"open","ping_status":"open","sticky":false,"template":"","format":"standard","meta":{"_links_to":"","_links_to_target":""},"categories":[1],"tags":[],"_links":{"self":[{"href":"https:\/\/www.blogdothame.blog.br\/v1\/wp-json\/wp\/v2\/posts\/25380"}],"collection":[{"href":"https:\/\/www.blogdothame.blog.br\/v1\/wp-json\/wp\/v2\/posts"}],"about":[{"href":"https:\/\/www.blogdothame.blog.br\/v1\/wp-json\/wp\/v2\/types\/post"}],"author":[{"embeddable":true,"href":"https:\/\/www.blogdothame.blog.br\/v1\/wp-json\/wp\/v2\/users\/2"}],"replies":[{"embeddable":true,"href":"https:\/\/www.blogdothame.blog.br\/v1\/wp-json\/wp\/v2\/comments?post=25380"}],"version-history":[{"count":1,"href":"https:\/\/www.blogdothame.blog.br\/v1\/wp-json\/wp\/v2\/posts\/25380\/revisions"}],"predecessor-version":[{"id":25382,"href":"https:\/\/www.blogdothame.blog.br\/v1\/wp-json\/wp\/v2\/posts\/25380\/revisions\/25382"}],"wp:attachment":[{"href":"https:\/\/www.blogdothame.blog.br\/v1\/wp-json\/wp\/v2\/media?parent=25380"}],"wp:term":[{"taxonomy":"category","embeddable":true,"href":"https:\/\/www.blogdothame.blog.br\/v1\/wp-json\/wp\/v2\/categories?post=25380"},{"taxonomy":"post_tag","embeddable":true,"href":"https:\/\/www.blogdothame.blog.br\/v1\/wp-json\/wp\/v2\/tags?post=25380"}],"curies":[{"name":"wp","href":"https:\/\/api.w.org\/{rel}","templated":true}]}}